{"id":21101,"date":"2020-12-10T16:29:04","date_gmt":"2020-12-10T22:29:04","guid":{"rendered":"https:\/\/www.zonaroja.com.mx\/?p=21101"},"modified":"2020-12-10T16:29:12","modified_gmt":"2020-12-10T22:29:12","slug":"atestigua-diputada-de-oaxaca-disculpas-publicas-del-estado-mexicano-por-violaciones-a-derechos","status":"publish","type":"post","link":"https:\/\/zonaroja.com.mx\/?p=21101","title":{"rendered":"Atestigua diputada de Oaxaca disculpas p\u00fablicas del Estado mexicano por violaciones a derechos"},"content":{"rendered":"\n<p class=\"MsoNormal\">Redacci\u00f3n\/Zona Roja.<\/p>\n\n\n\n<p class=\"MsoNormal\">Oaxaca de Ju\u00e1rez, Oax.,10 de diciembre 2020.- La diputada local Magaly L\u00f3pez Dom\u00ednguez, fue testigo de las disculpas p\u00fablicas emitidas por el Estado mexicano, por violaciones graves a derechos humanos en los casos de desaparici\u00f3n forzada, denunciados ante la Organizaci\u00f3n de las Naciones Unidas (ONU).<\/p>\n\n\n\n<p class=\"MsoNormal\">En este primer acto de disculpas p\u00fablicas, por casos de desaparici\u00f3n forzada presentados \u2013y reconocidos en 2019- se encuentran: el caso de Jes\u00fas Israel Moreno, desaparecido en Oaxaca en 2011, as\u00ed como el de Christian T\u00e9llez Padilla originario de Veracruz, desaparecido en 2010 y V\u00edctor Manuel Guajardo, originario de Coahuila en 2013. <\/p>\n\n\n\n<p class=\"MsoNormal\">La tambi\u00e9n presidenta de la Comisi\u00f3n Permanente de Derechos Humanos de la 64 Legislatura, confi\u00f3 en que este hecho sea el primer paso para garantizar, tanto a las v\u00edctimas como a sus familias, la reparaci\u00f3n integral de la verdad, la justicia y la no repetici\u00f3n, como lo ofreci\u00f3 Alejandro Encinas, subsecretario de Derechos Humanos de la Secretar\u00eda de Gobernaci\u00f3n (Segob).<\/p>\n\n\n\n<p class=\"MsoNormal\">L\u00f3pez Dom\u00ednguez, reconoci\u00f3 el gran reto que representa para el actual gobierno a cargo del presidente Andr\u00e9s Manuel L\u00f3pez Obrador, las investigaciones por desapariciones forzadas en M\u00e9xico, de las cuales hasta el momento se tiene un registro de 79 mil personas desaparecidas.<\/p>\n\n\n\n<p class=\"MsoNormal\">Se sum\u00f3 a la exigencia de las familias de los j\u00f3venes desaparecidos, para que se sancione a todos los funcionarios involucrados por su acci\u00f3n u omisi\u00f3n y para que se realice las investigaciones con los protocolos adecuados.<\/p>\n\n\n\n<p class=\"MsoNormal\">En este acto efectuado en la Ciudad de M\u00e9xico estuvieron presentes las familias de las v\u00edctimas, representantes de los estados donde se cometieron las desapariciones, funcionarios del gobierno federal e integrantes de organizaciones civiles.<\/p>\n\n\n\n<p class=\"MsoNormal\">As\u00ed como representantes de los gobiernos de Veracruz, Oaxaca y Coahuila tambi\u00e9n, quienes adem\u00e1s  ofrecieron disculpas a las familias y se comprometieron, a nombre de las autoridades locales, a emitir y fortalecer acciones para garantizar la no repetici\u00f3n.<\/p>\n","protected":false},"excerpt":{"rendered":"<p>Redacci\u00f3n\/Zona Roja. Oaxaca de Ju\u00e1rez, Oax.,10 de diciembre 2020.- La diputada local Magaly L\u00f3pez Dom\u00ednguez,&hellip;<\/p>\n","protected":false},"author":2,"featured_media":21100,"comment_status":"closed","ping_status":"open","sticky":false,"template":"","format":"standard","meta":{"_lmt_disableupdate":"","_lmt_disable":"","_jetpack_memberships_contains_paid_content":false,"footnotes":""},"categories":[109,46],"tags":[],"class_list":["post-21101","post","type-post","status-publish","format-standard","has-post-thumbnail","hentry","category-minuto-a-minuto","category-zona-blanca"],"jetpack_featured_media_url":"https:\/\/zonaroja.com.mx\/wp-content\/uploads\/2020\/12\/img_2888.jpg","jetpack_sharing_enabled":true,"_links":{"self":[{"href":"https:\/\/zonaroja.com.mx\/index.php?rest_route=\/wp\/v2\/posts\/21101","targetHints":{"allow":["GET"]}}],"collection":[{"href":"https:\/\/zonaroja.com.mx\/index.php?rest_route=\/wp\/v2\/posts"}],"about":[{"href":"https:\/\/zonaroja.com.mx\/index.php?rest_route=\/wp\/v2\/types\/post"}],"author":[{"embeddable":true,"href":"https:\/\/zonaroja.com.mx\/index.php?rest_route=\/wp\/v2\/users\/2"}],"replies":[{"embeddable":true,"href":"https:\/\/zonaroja.com.mx\/index.php?rest_route=%2Fwp%2Fv2%2Fcomments&post=21101"}],"version-history":[{"count":1,"href":"https:\/\/zonaroja.com.mx\/index.php?rest_route=\/wp\/v2\/posts\/21101\/revisions"}],"predecessor-version":[{"id":21102,"href":"https:\/\/zonaroja.com.mx\/index.php?rest_route=\/wp\/v2\/posts\/21101\/revisions\/21102"}],"wp:featuredmedia":[{"embeddable":true,"href":"https:\/\/zonaroja.com.mx\/index.php?rest_route=\/wp\/v2\/media\/21100"}],"wp:attachment":[{"href":"https:\/\/zonaroja.com.mx\/index.php?rest_route=%2Fwp%2Fv2%2Fmedia&parent=21101"}],"wp:term":[{"taxonomy":"category","embeddable":true,"href":"https:\/\/zonaroja.com.mx\/index.php?rest_route=%2Fwp%2Fv2%2Fcategories&post=21101"},{"taxonomy":"post_tag","embeddable":true,"href":"https:\/\/zonaroja.com.mx\/index.php?rest_route=%2Fwp%2Fv2%2Ftags&post=21101"}],"curies":[{"name":"wp","href":"https:\/\/api.w.org\/{rel}","templated":true}]}}