{"id":21106,"date":"2020-12-10T19:18:48","date_gmt":"2020-12-11T01:18:48","guid":{"rendered":"http:\/\/www.zonaroja.com.mx\/?p=21106"},"modified":"2020-12-10T19:20:09","modified_gmt":"2020-12-11T01:20:09","slug":"rechaza-congreso-de-oaxaca-dictaminar-cuenta-publica-estatal-y-municipales","status":"publish","type":"post","link":"https:\/\/zonaroja.com.mx\/?p=21106","title":{"rendered":"Rechaza Congreso de Oaxaca dictaminar cuenta p\u00fablica estatal y municipales"},"content":{"rendered":"\n<p>Redacci\u00f3n\/Zona Roja.<\/p>\n\n\n\n<p>Oaxaca de Ju\u00e1rz, Oax., 10 de diciembre de 2020.- Por considerar que no fue presentado en tiempo y forma y mucho menos completo, el Congreso local rechaz\u00f3 hoy dictaminar las cuentas p\u00fablica estatal y municipales del ejercicio 2019, del \u00d3rgano Superior de Fiscalizaci\u00f3n del Estado de Oaxaca (OSFEO).<\/p>\n\n\n\n<p>Ello gener\u00f3 un debate entre diputados de diversas fracciones parlamentarias; la mayor\u00eda coincidi\u00f3 en reprobar las irregularidades e incluso se plante\u00f3 la renuncia del titular de ese organismo, Guillermo Megch\u00fan Vel\u00e1squez. La iniciativa fue avalada con 26 votos, en la sesi\u00f3n extraordinaria de este jueves.<\/p>\n\n\n\n<p>Lo anterior se debe a que el OSFE, como \u00d3rgano T\u00e9cnico del Congreso, tuvo como fecha l\u00edmite para entregar ante la Comisi\u00f3n Permanente de la 64 Legislatura, dichos informes el pasado 30 de noviembre; la fecha venci\u00f3, pero no entreg\u00f3 la documentaci\u00f3n completa.<\/p>\n\n\n\n<p>Ante la Comisi\u00f3n \u00fanicamente se entreg\u00f3 la fiscalizaci\u00f3n correspondiente al 25 por ciento de la Cuenta P\u00fablica Estatal, y del 26 por ciento de la municipal.<\/p>\n\n\n\n<figure class=\"wp-block-embed-twitter wp-block-embed is-type-rich is-provider-twitter\"><div class=\"wp-block-embed__wrapper\">\n<div class=\"twitter-tweet\"><blockquote class=\"twitter-tweet\" data-lang=\"es\"><p lang=\"es\" dir=\"ltr\"><a href=\"https:\/\/twitter.com\/hashtag\/%C3%9AltimoMinuto?src=hash&amp;ref_src=twsrc%5Etfw\">#\u00daltimoMinuto<\/a> <br>(1) Con 27 votos, el pleno del <a href=\"https:\/\/twitter.com\/CongresoOaxLXIV?ref_src=twsrc%5Etfw\">@CongresoOaxLXIV<\/a> aprueba no dictaminar la cuenta p\u00fablica estatal y municipal 2019, debido a que la <a href=\"https:\/\/twitter.com\/OSFE_OAXACA?ref_src=twsrc%5Etfw\">@OSFE_OAXACA<\/a> no la entreg\u00f3 completa y a tiempo. <a href=\"https:\/\/t.co\/pJ7B9Tekz5\">pic.twitter.com\/pJ7B9Tekz5<\/a><\/p>&mdash; Zona Roja Oaxaca (@MexRoja) <a href=\"https:\/\/twitter.com\/MexRoja\/status\/1337146786239156227?ref_src=twsrc%5Etfw\">10 de diciembre de 2020<\/a><\/blockquote><\/div>\n<\/div><\/figure>\n\n\n\n<p>Los resultados de la fiscalizaci\u00f3n deben presentarse en una sola entrega ante el Legislativo, toda vez que no existe precepto legal alguno que admita o faculte al \u00d3rgano Fiscalizador a que se realicen y presenten de manera parcial o en etapas, por lo que su presentaci\u00f3n es inconstitucional.<\/p>\n\n\n\n<p>Por esto, la Comisi\u00f3n determin\u00f3 que dicha informaci\u00f3n resulta insuficiente para poder someter, a m\u00e1s tardar el 15 de diciembre ante el Pleno Legislativo, el dictamen correspondiente sobre la Cuenta P\u00fablica 2019, tal y como lo indica la Constituci\u00f3n Pol\u00edtica local en su Art\u00edculo 59, Fracci\u00f3n XXII.<\/p>\n\n\n\n<p>GENERA CONFRONTACIONES<\/p>\n\n\n\n<p>Fue la legisladora por el PAN, Mar\u00eda de Jes\u00fas Mendoza, quien hizo la observaci\u00f3n que en la sesi\u00f3n de ayer, fue aprobado un Punto de Acuerdo para extender por tres d\u00edas m\u00e1s la recepci\u00f3n de los informes.<\/p>\n\n\n\n<p>C\u00e9sar Morales Ni\u00f1o, del PT, fue m\u00e1s all\u00e1:<\/p>\n\n\n\n<p>\u201cAplaudo la determinaci\u00f3n de la Comisi\u00f3n Permanente de Vigilancia, pero no debemos ser c\u00f3mplices, porque no respeta su obligaci\u00f3n constitucional. Pido que seamos contundentes, implacables con esta resoluci\u00f3n.<\/p>\n\n\n\n<p>\u201cIndependiente de este acuerdo, inicien procedimientos de revocaci\u00f3n al auditor superior y d\u00e9 vista a las autoridades penales correspondientes, por el delito de ejercicio indebido del cargo y coalici\u00f3n de servidores p\u00fablicos.<\/p>\n\n\n\n<p>\u201cNo se vale que el auditor se escude en la pandemia, para esconder su incompetencia\u201d, dijo.<\/p>\n\n\n\n<p>Detall\u00f3 que es la tercera vez que no cumple con las expectativas, pues de la cuenta 2017 se le hicieron las observaciones por omisiones que cometi\u00f3; el 2018, la cuenta p\u00fablica ser\u00e1 rechazada, como est\u00e1 propuesto, y la 2019, no se recibi\u00f3 por incompleto.<\/p>\n\n\n\n<figure class=\"wp-block-embed-twitter wp-block-embed is-type-rich is-provider-twitter\"><div class=\"wp-block-embed__wrapper\">\n<div class=\"twitter-tweet\"><blockquote class=\"twitter-tweet\" data-lang=\"es\"><p lang=\"es\" dir=\"ltr\"><a href=\"https:\/\/twitter.com\/hashtag\/%C3%9AltimoMinuto?src=hash&amp;ref_src=twsrc%5Etfw\">#\u00daltimoMinuto<\/a> <br>(2) El rechazo a dictaminar la cuenta p\u00fablica de la <a href=\"https:\/\/twitter.com\/OSFE_OAXACA?ref_src=twsrc%5Etfw\">@OSFE_OAXACA<\/a> gener\u00f3 debate y acusaciones entre legisladores; <a href=\"https:\/\/twitter.com\/cesarmoralesn?ref_src=twsrc%5Etfw\">@cesarmoralesn<\/a>, del <a href=\"https:\/\/twitter.com\/PT_Oaxaca?ref_src=twsrc%5Etfw\">@PT_Oaxaca<\/a>, reiter\u00f3 que se debe pedir la renuncia de Guillermo Megch\u00fan. <a href=\"https:\/\/t.co\/Q5rAr2WdZ7\">pic.twitter.com\/Q5rAr2WdZ7<\/a><\/p>&mdash; Zona Roja Oaxaca (@MexRoja) <a href=\"https:\/\/twitter.com\/MexRoja\/status\/1337150159470403585?ref_src=twsrc%5Etfw\">10 de diciembre de 2020<\/a><\/blockquote><\/div>\n<\/div><\/figure>\n\n\n\n<p>Revir\u00f3 Aurora L\u00f3pez Acevedo, del PVEM, quien dijo que no est\u00e1 de acuerdo en la determinaci\u00f3n de la Comisi\u00f3n Permanente de Vigilancia, pues \u201cestamos utilizando al auditor Guillermo Mengch\u00fan como un parapeto de muchas corrupciones que est\u00e1n ocurriendo en este Congreso\u201d.<\/p>\n\n\n\n<p>Intervino tambi\u00e9n Lilia Mendoza, del PRI, quien dijo estar de acuerdo con Morales Ni\u00f1o, \u201cs\u00f3lo que no se salga s\u00f3lo el auditor; si se va a hacer una limpieza en la OSFE, que salgan tambi\u00e9n los directores, que por cierto pusieron muchos de ustedes, la oposici\u00f3n; nada m\u00e1s la cabeza pertenece a gente que no es de ustedes\u201d, dijo, al demandar una auditor\u00eda de los dos a\u00f1os anteriores del Congreso.<\/p>\n\n\n\n<p>Por alusiones, Laura Estrada, de Morena, respondi\u00f3 que en el a\u00f1o que fue presidenta de la Junta de Coordinaci\u00f3n Pol\u00edtica, ya hay una auditor\u00eda en curso y que el auditor no cumpli\u00f3 con el plazo adicional que se le otorg\u00f3 para entregar las cuentas p\u00fablicas. Tras ello se someti\u00f3 a votaci\u00f3n y fue aprobado por mayor\u00eda.<\/p>\n","protected":false},"excerpt":{"rendered":"<p>Redacci\u00f3n\/Zona Roja. Oaxaca de Ju\u00e1rz, Oax., 10 de diciembre de 2020.- Por considerar que no&hellip;<\/p>\n","protected":false},"author":2,"featured_media":21108,"comment_status":"closed","ping_status":"open","sticky":false,"template":"","format":"standard","meta":{"_lmt_disableupdate":"","_lmt_disable":"","_jetpack_memberships_contains_paid_content":false,"footnotes":""},"categories":[109,47],"tags":[213],"class_list":["post-21106","post","type-post","status-publish","format-standard","has-post-thumbnail","hentry","category-minuto-a-minuto","category-zona-gris","tag-64-legislatura-de-oaxaca"],"jetpack_featured_media_url":"https:\/\/zonaroja.com.mx\/wp-content\/uploads\/2020\/12\/FOTO-1-Declara-Congreso-imposibilidad-para-dictaminar-la-Cuenta-Publica-2019.jpeg","jetpack_sharing_enabled":true,"_links":{"self":[{"href":"https:\/\/zonaroja.com.mx\/index.php?rest_route=\/wp\/v2\/posts\/21106","targetHints":{"allow":["GET"]}}],"collection":[{"href":"https:\/\/zonaroja.com.mx\/index.php?rest_route=\/wp\/v2\/posts"}],"about":[{"href":"https:\/\/zonaroja.com.mx\/index.php?rest_route=\/wp\/v2\/types\/post"}],"author":[{"embeddable":true,"href":"https:\/\/zonaroja.com.mx\/index.php?rest_route=\/wp\/v2\/users\/2"}],"replies":[{"embeddable":true,"href":"https:\/\/zonaroja.com.mx\/index.php?rest_route=%2Fwp%2Fv2%2Fcomments&post=21106"}],"version-history":[{"count":1,"href":"https:\/\/zonaroja.com.mx\/index.php?rest_route=\/wp\/v2\/posts\/21106\/revisions"}],"predecessor-version":[{"id":21107,"href":"https:\/\/zonaroja.com.mx\/index.php?rest_route=\/wp\/v2\/posts\/21106\/revisions\/21107"}],"wp:featuredmedia":[{"embeddable":true,"href":"https:\/\/zonaroja.com.mx\/index.php?rest_route=\/wp\/v2\/media\/21108"}],"wp:attachment":[{"href":"https:\/\/zonaroja.com.mx\/index.php?rest_route=%2Fwp%2Fv2%2Fmedia&parent=21106"}],"wp:term":[{"taxonomy":"category","embeddable":true,"href":"https:\/\/zonaroja.com.mx\/index.php?rest_route=%2Fwp%2Fv2%2Fcategories&post=21106"},{"taxonomy":"post_tag","embeddable":true,"href":"https:\/\/zonaroja.com.mx\/index.php?rest_route=%2Fwp%2Fv2%2Ftags&post=21106"}],"curies":[{"name":"wp","href":"https:\/\/api.w.org\/{rel}","templated":true}]}}