{"id":21109,"date":"2020-12-10T20:18:53","date_gmt":"2020-12-11T02:18:53","guid":{"rendered":"http:\/\/www.zonaroja.com.mx\/?p=21109"},"modified":"2020-12-10T20:18:56","modified_gmt":"2020-12-11T02:18:56","slug":"masacran-a-familia-triqui-en-copala-cuatro-asesinados-tres-son-mujeres","status":"publish","type":"post","link":"https:\/\/zonaroja.com.mx\/?p=21109","title":{"rendered":"Masacran a familia Triqui en Copala: cuatro asesinados, tres son mujeres"},"content":{"rendered":"\n<p>Ismael Garc\u00eda M.\/Zona Roja.<\/p>\n\n\n\n<p>Oaxaca de Ju\u00e1rez, Oax., 10 de diciembre de 2020.- En la v\u00edspera de la visita del Presidente Andr\u00e9s Manuel L\u00f3pez Obrador a Oaxaca, fueron masacradas cuatro personas, tres de ellas mujeres, integrantes de una familia de la etnia Triqui.<\/p>\n\n\n\n<p>De acuerdo con los primeros informes, el asesinato m\u00faltiple por disparos de armas de fuego ocurri\u00f3 al mediod\u00eda de hoy en el paraje \u201cBarranca Amarga\u201d de la comunidad de Rastrojo Copala, Santiago Juxtlahuaca, donde fue localizada una camioneta color gris, marca Nissan.<\/p>\n\n\n\n<p>En el interior fueron hallados los cuerpos sin vida de Feliciano Ram\u00edrez, de 48 a\u00f1os; la se\u00f1ora Mar\u00eda Macaria Paz, de 75 a\u00f1os de edad; Feliciana Ram\u00edrez Santill\u00e1n, de 23 a\u00f1os y Tania Ram\u00edrez Santill\u00e1n, de 10 a\u00f1os de edad; en el hospital de Juxtlahuaca convalece un menor de ocho a\u00f1os; todos con domicilio en El Rastrojo Copala.<\/p>\n\n\n\n<p>Se inform\u00f3 preliminarmente que son militantes del Movimiento de Unificaci\u00f3n y Lucha Triqui (MULT), que prev\u00e9 movilizarse para exigir el esclarecimiento de los hechos.<\/p>\n\n\n\n<p>DOS EN LA COSTA<\/p>\n\n\n\n<p>Por otra parte, en a comunidad de Llano Grande, del municipio de Santiago Tapextla, de la regi\u00f3n de la Costa, dos personas perdieron la vida anoche por disparos de arma de fuego.<\/p>\n\n\n\n<p>Las v\u00edctimas fueron identificads como Juan Eusbio G. C., de 55 a\u00f1os de edad, y Mario P. H., de 38 a\u00f1os, quienes ri\u00f1eron mientras se efectuaba una ceremonia civil.<\/p>\n","protected":false},"excerpt":{"rendered":"<p>Ismael Garc\u00eda M.\/Zona Roja. Oaxaca de Ju\u00e1rez, Oax., 10 de diciembre de 2020.- En la&hellip;<\/p>\n","protected":false},"author":2,"featured_media":7486,"comment_status":"closed","ping_status":"open","sticky":false,"template":"","format":"standard","meta":{"_lmt_disableupdate":"","_lmt_disable":"","_jetpack_memberships_contains_paid_content":false,"footnotes":""},"categories":[109,51],"tags":[826],"class_list":["post-21109","post","type-post","status-publish","format-standard","has-post-thumbnail","hentry","category-minuto-a-minuto","category-zona-roja","tag-santiago-juxtlahuaca"],"jetpack_featured_media_url":"https:\/\/zonaroja.com.mx\/wp-content\/uploads\/2020\/01\/Escena-del-crimen7.jpg","jetpack_sharing_enabled":true,"_links":{"self":[{"href":"https:\/\/zonaroja.com.mx\/index.php?rest_route=\/wp\/v2\/posts\/21109","targetHints":{"allow":["GET"]}}],"collection":[{"href":"https:\/\/zonaroja.com.mx\/index.php?rest_route=\/wp\/v2\/posts"}],"about":[{"href":"https:\/\/zonaroja.com.mx\/index.php?rest_route=\/wp\/v2\/types\/post"}],"author":[{"embeddable":true,"href":"https:\/\/zonaroja.com.mx\/index.php?rest_route=\/wp\/v2\/users\/2"}],"replies":[{"embeddable":true,"href":"https:\/\/zonaroja.com.mx\/index.php?rest_route=%2Fwp%2Fv2%2Fcomments&post=21109"}],"version-history":[{"count":1,"href":"https:\/\/zonaroja.com.mx\/index.php?rest_route=\/wp\/v2\/posts\/21109\/revisions"}],"predecessor-version":[{"id":21110,"href":"https:\/\/zonaroja.com.mx\/index.php?rest_route=\/wp\/v2\/posts\/21109\/revisions\/21110"}],"wp:featuredmedia":[{"embeddable":true,"href":"https:\/\/zonaroja.com.mx\/index.php?rest_route=\/wp\/v2\/media\/7486"}],"wp:attachment":[{"href":"https:\/\/zonaroja.com.mx\/index.php?rest_route=%2Fwp%2Fv2%2Fmedia&parent=21109"}],"wp:term":[{"taxonomy":"category","embeddable":true,"href":"https:\/\/zonaroja.com.mx\/index.php?rest_route=%2Fwp%2Fv2%2Fcategories&post=21109"},{"taxonomy":"post_tag","embeddable":true,"href":"https:\/\/zonaroja.com.mx\/index.php?rest_route=%2Fwp%2Fv2%2Ftags&post=21109"}],"curies":[{"name":"wp","href":"https:\/\/api.w.org\/{rel}","templated":true}]}}