{"id":21111,"date":"2020-12-10T21:04:19","date_gmt":"2020-12-11T03:04:19","guid":{"rendered":"http:\/\/www.zonaroja.com.mx\/?p=21111"},"modified":"2020-12-10T21:04:22","modified_gmt":"2020-12-11T03:04:22","slug":"reconoce-estado-mexicano-desaparicion-forzada-de-estudiante-en-oaxaca","status":"publish","type":"post","link":"https:\/\/zonaroja.com.mx\/?p=21111","title":{"rendered":"Reconoce Estado mexicano desaparici\u00f3n forzada de estudiante en Oaxaca"},"content":{"rendered":"\n<p>Evlin Arag\u00f3n\/Zona Roja.<\/p>\n\n\n\n<p>Oaxaca de Ju\u00e1rez, Oax., 10 de diciembre de 2020.- En un hecho in\u00e9dito, este mi\u00e9rcoles el Estado mexicano reconoci\u00f3 su responsabilidad en la desaparici\u00f3n forzada de los j\u00f3venes Christian T\u00e9llez Padilla, Jes\u00fas Israel Moreno P\u00e9rez y V\u00edctor Manuel Guajardo Rivas, en Veracruz, Oaxaca y Coahuila, respectivamente.\u00a0<\/p>\n\n\n\n<p>Al acto efectuado en la Ciudad de M\u00e9xico, encabezado por el subsecretario de Derechos Humanos, Poblaci\u00f3n y Migraci\u00f3n de la Segob, Alejandro Encinas Rodr\u00edguez, acudieron los representantes de las instancias de procuraci\u00f3n de justicia de Coahuila y Veracruz, no as\u00ed el titular de la Fiscal\u00eda General del Estado de Oaxaca, Rub\u00e9n Vasconcelos M\u00e9ndez.<\/p>\n\n\n\n<p>S\u00f3lo estuvo presente Norma Reyes Ter\u00e1n, coordinadora de Derechos Humanos del Ejecutivo; a invitaci\u00f3n de la Secretar\u00eda de Gobernaci\u00f3n, acudi\u00f3 tambi\u00e9n la diputada Magaly L\u00f3pez Dom\u00ednguez.<\/p>\n\n\n\n<p>\u201cAqu\u00ed no est\u00e1 el fiscal de Oaxaca, deber\u00eda estar. El fiscal de Oaxaca Rub\u00e9n Vasconcelos nos ha minimizado, nos ha maltrato, nos ha tratado mal y hay que decirlo p\u00fablicamente porque pretendi\u00f3 entregarle a la se\u00f1ora Enriqueta y Carlos un acta de defunci\u00f3n de Jes\u00fas Israel sin el cad\u00e1ver del joven\u201d, reclam\u00f3 Juan Carlos Guti\u00e9rrez Contreras, director de IDHEAS Litigio Estrat\u00e9gico en Derechos Humanos.<\/p>\n\n\n\n<p>Abund\u00f3 que la Fiscal\u00eda de Oaxaca, lejos de cumplir con su obligaci\u00f3n de dar con el paradero de Jes\u00fas Israel Moreno P\u00e9rez, tiene tres personas procesadas penalmente por homicidio, sin que exista un cad\u00e1ver ni la comprobaci\u00f3n de dicho acto criminal, lo cual no tendr\u00eda que suceder en un pa\u00eds y Estado que se jacta de ser democr\u00e1tico.<\/p>\n\n\n\n<p>Pese a lo anterior, Guti\u00e9rrez Contreras reconoci\u00f3 el acto protocolario de la disculpa p\u00fablica como un primer paso para reconocer que hoy los tres j\u00f3venes todav\u00eda se encuentran desaparecidos y sus casos en la impunidad, adem\u00e1s de celebrar el respaldo de Naciones Unidas que validaron lo que por a\u00f1os han estado defendiendo como colectivo que acompa\u00f1a a las familias de los j\u00f3venes.\u00a0\u00a0<\/p>\n\n\n\n<figure class=\"wp-block-embed-twitter wp-block-embed is-type-rich is-provider-twitter\"><div class=\"wp-block-embed__wrapper\">\n<div class=\"twitter-tweet\"><blockquote class=\"twitter-tweet\" data-lang=\"es\"><p lang=\"es\" dir=\"ltr\">Tengan la seguridad de que somos testigos de su enojo e indignaci\u00f3n, de su derecho impostergable de la b\u00fasqueda de sus seres queridos. <br>A nombre del Estado mexicano ofrezco disculpas p\u00fablicas por las violaciones a la integridad, a la vida y dignidad y por la falta de justicia <a href=\"https:\/\/t.co\/HBTk1Sn8bE\">pic.twitter.com\/HBTk1Sn8bE<\/a><\/p>&mdash; Alejandro  Encinas (@A_Encinas_R) <a href=\"https:\/\/twitter.com\/A_Encinas_R\/status\/1336748770080514053?ref_src=twsrc%5Etfw\">9 de diciembre de 2020<\/a><\/blockquote><\/div>\n<\/div><\/figure>\n\n\n\n<p>Durante el encuentro, el padre de Jes\u00fas Israel, joven desaparecido en la costa oaxaque\u00f1a, Carlos Moreno, pidi\u00f3 pasar de los discursos a las acciones, ya que tiene nueve a\u00f1os y ocho meses buscando a su hijo.<\/p>\n\n\n\n<p>Reclam\u00f3 la actuaci\u00f3n de la actual administraci\u00f3n y del fiscal Rub\u00e9n Vasconcelos, quienes intentaron entregar un acta de defunci\u00f3n y realizar tr\u00e1mite de autopsia verbal sin tener un cuerpo.<\/p>\n\n\n\n<p>\u201cMi familia y yo no podemos aceptar una disculpa porque no me han entregado a Israel, exijo que la Secretar\u00eda de Gobernaci\u00f3n proporcione todos los medios y herramientas cient\u00edficas para la localizaci\u00f3n de mi hijo. Es lamentable que el fiscal de Oaxaca no est\u00e9 presente\u201d.<\/p>\n\n\n\n<p>Record\u00f3 que ni Vasconcelos M\u00e9ndez, ni su antecesor Manuel de Jes\u00fas L\u00f3pez L\u00f3pez, hoy magistrado, realizaron la b\u00fasqueda del joven argumentando que no ten\u00edan dinero para desplazarse y por el contrario fabricaron un delito por el cual hay tres personas detenidas y procesadas.&nbsp;<\/p>\n\n\n\n<p>Fue el 8 de julio del 2011 que Jes\u00fas Israel Moreno fue visto por \u00faltima vez en Chacahua, Oaxaca. Amante de los deportes, la m\u00fasica y la naturaleza, cursaba el segundo semestre la Facultad de Filosof\u00eda y Letras de la Universidad Aut\u00f3noma de M\u00e9xico (UNAM) previo a su desaparici\u00f3n en la entidad oaxaque\u00f1a.<\/p>\n\n\n\n<p>Durante todo este tiempo ha sido el padre del joven quien ha realizado la b\u00fasqueda que debieron emprender las autoridades y ha puesto al descubierto la simulaci\u00f3n, corrupci\u00f3n, impunidad, omisi\u00f3n, indiferencia y desprecio por la justicia de quienes deber\u00edan garantizarla.\u00a0<\/p>\n\n\n\n<figure class=\"wp-block-embed-twitter wp-block-embed is-type-rich is-provider-twitter\"><div class=\"wp-block-embed__wrapper\">\n<div class=\"twitter-tweet\"><blockquote class=\"twitter-tweet\" data-lang=\"es\"><p lang=\"es\" dir=\"ltr\">A invitaci\u00f3n de la <a href=\"https:\/\/twitter.com\/SEGOB_mx?ref_src=twsrc%5Etfw\">@SEGOB_mx<\/a>, la diputada <a href=\"https:\/\/twitter.com\/Magaly_LopezOax?ref_src=twsrc%5Etfw\">@Magaly_LopezOax<\/a> asisti\u00f3 a la ceremonia en que el Estado mexicano ofreci\u00f3 disculpas por tres casos de desaparici\u00f3n forzada, entre ellos el de Jes\u00fas Israel Moreno. <br>Dialog\u00f3 con <a href=\"https:\/\/twitter.com\/A_Encinas_R?ref_src=twsrc%5Etfw\">@A_Encinas_R<\/a> y acordaron combatir impunidad en <a href=\"https:\/\/twitter.com\/hashtag\/Oaxaca?src=hash&amp;ref_src=twsrc%5Etfw\">#Oaxaca<\/a>. <a href=\"https:\/\/t.co\/wsPVg1pAEi\">pic.twitter.com\/wsPVg1pAEi<\/a><\/p>&mdash; Zona Roja Oaxaca (@MexRoja) <a href=\"https:\/\/twitter.com\/MexRoja\/status\/1336839684190826498?ref_src=twsrc%5Etfw\">10 de diciembre de 2020<\/a><\/blockquote><\/div>\n<\/div><\/figure>\n","protected":false},"excerpt":{"rendered":"<p>Evlin Arag\u00f3n\/Zona Roja. Oaxaca de Ju\u00e1rez, Oax., 10 de diciembre de 2020.- En un hecho&hellip;<\/p>\n","protected":false},"author":2,"featured_media":21112,"comment_status":"closed","ping_status":"open","sticky":false,"template":"","format":"standard","meta":{"_lmt_disableupdate":"","_lmt_disable":"","_jetpack_memberships_contains_paid_content":false,"footnotes":""},"categories":[109,47],"tags":[1092],"class_list":["post-21111","post","type-post","status-publish","format-standard","has-post-thumbnail","hentry","category-minuto-a-minuto","category-zona-gris","tag-jesus-israel-moreno"],"jetpack_featured_media_url":"https:\/\/zonaroja.com.mx\/wp-content\/uploads\/2020\/12\/Jesus-Israel-Moreno-3.jpg","jetpack_sharing_enabled":true,"_links":{"self":[{"href":"https:\/\/zonaroja.com.mx\/index.php?rest_route=\/wp\/v2\/posts\/21111","targetHints":{"allow":["GET"]}}],"collection":[{"href":"https:\/\/zonaroja.com.mx\/index.php?rest_route=\/wp\/v2\/posts"}],"about":[{"href":"https:\/\/zonaroja.com.mx\/index.php?rest_route=\/wp\/v2\/types\/post"}],"author":[{"embeddable":true,"href":"https:\/\/zonaroja.com.mx\/index.php?rest_route=\/wp\/v2\/users\/2"}],"replies":[{"embeddable":true,"href":"https:\/\/zonaroja.com.mx\/index.php?rest_route=%2Fwp%2Fv2%2Fcomments&post=21111"}],"version-history":[{"count":1,"href":"https:\/\/zonaroja.com.mx\/index.php?rest_route=\/wp\/v2\/posts\/21111\/revisions"}],"predecessor-version":[{"id":21113,"href":"https:\/\/zonaroja.com.mx\/index.php?rest_route=\/wp\/v2\/posts\/21111\/revisions\/21113"}],"wp:featuredmedia":[{"embeddable":true,"href":"https:\/\/zonaroja.com.mx\/index.php?rest_route=\/wp\/v2\/media\/21112"}],"wp:attachment":[{"href":"https:\/\/zonaroja.com.mx\/index.php?rest_route=%2Fwp%2Fv2%2Fmedia&parent=21111"}],"wp:term":[{"taxonomy":"category","embeddable":true,"href":"https:\/\/zonaroja.com.mx\/index.php?rest_route=%2Fwp%2Fv2%2Fcategories&post=21111"},{"taxonomy":"post_tag","embeddable":true,"href":"https:\/\/zonaroja.com.mx\/index.php?rest_route=%2Fwp%2Fv2%2Ftags&post=21111"}],"curies":[{"name":"wp","href":"https:\/\/api.w.org\/{rel}","templated":true}]}}