{"id":21122,"date":"2020-12-11T06:58:28","date_gmt":"2020-12-11T12:58:28","guid":{"rendered":"http:\/\/www.zonaroja.com.mx\/?p=21122"},"modified":"2020-12-11T06:58:32","modified_gmt":"2020-12-11T12:58:32","slug":"comerciantes-demandan-reactivacion-de-dias-de-plazas-y-tianguis-en-oaxaca","status":"publish","type":"post","link":"https:\/\/zonaroja.com.mx\/?p=21122","title":{"rendered":"Comerciantes demandan reactivaci\u00f3n de d\u00edas de plazas y tianguis en Oaxaca"},"content":{"rendered":"\n<p>Yuridiana Sosa\/Zona Roja.<\/p>\n\n\n\n<p>Oaxaca de Ju\u00e1rez, Oax., 11 de diciembre de 2020.- A nueve meses de mantener paralizadas sus actividades por la contingencia de Covid-19, integrantes de la reci\u00e9n creada Alianza de Comerciantes, Tianguis y Trabajadores Oaxaque\u00f1os (ACTTO) demandaron a las autoridades estatales y municipales permitir la instalaci\u00f3n de tianguis y d\u00edas de plazas.<\/p>\n\n\n\n<p>En conferencia de prensa, para anunciar la integraci\u00f3n de la Alianza, representantes de ocho tianguis y plaza populares expusieron la dif\u00edcil situaci\u00f3n econ\u00f3mica a la que se enfrentan las familias dedicadas a este sector laboral, quienes desde el inicio de la pandemia fueron obligadas a abandonar sus puntos de venta.<\/p>\n\n\n\n<p>Los dirigentes Rubicela Ruiz, Guillermo Ch\u00e1vez y Enedina Reyes indicaron que para los cientos de personas que laboran en este rubro es insostenible mantener la inactividad, por lo que propusieron su instalaci\u00f3n durante esta actividad se llevar\u00e1n a cabo las medidas de sanidad correspondientes.<\/p>\n\n\n\n<p>Por lo que solicitaron el apoyo de las diversas autoridades estatales para que hagan posible esta demanda. A las autoridades municipales pidieron facilitar y establecer los protocolos suficientes para la instalaci\u00f3n de tianguis y plazas.<\/p>\n\n\n\n<figure class=\"wp-block-embed-twitter wp-block-embed is-type-rich is-provider-twitter\"><div class=\"wp-block-embed__wrapper\">\n<div class=\"twitter-tweet\"><blockquote class=\"twitter-tweet\" data-lang=\"es\"><p lang=\"es\" dir=\"ltr\"><a href=\"https:\/\/twitter.com\/hashtag\/ENVIVO?src=hash&amp;ref_src=twsrc%5Etfw\">#ENVIVO<\/a> <br>Oaxaca de Ju\u00e1rez, Oax., 10 de diciembre de 2020. Conferencia de prensa de la Alianza de Comerciantes, Tianguis y Trabajadores Oaxaque\u00f1os; demandan oportunidades para expender sus productos y se quejan de bajas ventas. <br>Aqu\u00ed la transmisi\u00f3n <br>\ud83d\udc47<a href=\"https:\/\/t.co\/upPf1VR1db\">https:\/\/t.co\/upPf1VR1db<\/a> <a href=\"https:\/\/t.co\/vjxpIoIasr\">pic.twitter.com\/vjxpIoIasr<\/a><\/p>&mdash; Zona Roja Oaxaca (@MexRoja) <a href=\"https:\/\/twitter.com\/MexRoja\/status\/1337096106749124609?ref_src=twsrc%5Etfw\">10 de diciembre de 2020<\/a><\/blockquote><\/div>\n<\/div><\/figure>\n\n\n\n<p>A los diputados locales demandaron emitir un exhorto para que se garantice el respaldo a las autoridades municipales en la apertura de esos espacios. As\u00ed como a los Servicios de Salud de Oaxaca (SSO) pidieron apoyo para que se lleven a cabo las medidas de higiene.<\/p>\n\n\n\n<p>Pero tambi\u00e9n, demandaron la intervenci\u00f3n de la Defensor\u00eda de los Derechos Humanos del Pueblo de Oaxaca para que se respeten los derechos humanos de este sector, entre ellos el derecho al trabajo y la alimentaci\u00f3n de los comerciantes, tianguistas y trabajadores de estos sectores.<\/p>\n\n\n\n<p>Estos comerciantes, como otros grupos, han manifestado su molestia al permitir la actividad comercial en tiendas comerciales de cadenas trasnacionales, donde tambi\u00e9n se registran aglomeraciones de personas, mientras que la econom\u00eda local se paraliza.<\/p>\n","protected":false},"excerpt":{"rendered":"<p>Yuridiana Sosa\/Zona Roja. Oaxaca de Ju\u00e1rez, Oax., 11 de diciembre de 2020.- A nueve meses&hellip;<\/p>\n","protected":false},"author":2,"featured_media":21115,"comment_status":"closed","ping_status":"open","sticky":false,"template":"","format":"standard","meta":{"_lmt_disableupdate":"","_lmt_disable":"","_jetpack_memberships_contains_paid_content":false,"footnotes":""},"categories":[109,46],"tags":[2288],"class_list":["post-21122","post","type-post","status-publish","format-standard","has-post-thumbnail","hentry","category-minuto-a-minuto","category-zona-blanca","tag-alianza-de-comerciantes-tianguis-y-trabajadores"],"jetpack_featured_media_url":"https:\/\/zonaroja.com.mx\/wp-content\/uploads\/2020\/12\/Conferencia-Tianguistas.jpg","jetpack_sharing_enabled":true,"_links":{"self":[{"href":"https:\/\/zonaroja.com.mx\/index.php?rest_route=\/wp\/v2\/posts\/21122","targetHints":{"allow":["GET"]}}],"collection":[{"href":"https:\/\/zonaroja.com.mx\/index.php?rest_route=\/wp\/v2\/posts"}],"about":[{"href":"https:\/\/zonaroja.com.mx\/index.php?rest_route=\/wp\/v2\/types\/post"}],"author":[{"embeddable":true,"href":"https:\/\/zonaroja.com.mx\/index.php?rest_route=\/wp\/v2\/users\/2"}],"replies":[{"embeddable":true,"href":"https:\/\/zonaroja.com.mx\/index.php?rest_route=%2Fwp%2Fv2%2Fcomments&post=21122"}],"version-history":[{"count":1,"href":"https:\/\/zonaroja.com.mx\/index.php?rest_route=\/wp\/v2\/posts\/21122\/revisions"}],"predecessor-version":[{"id":21123,"href":"https:\/\/zonaroja.com.mx\/index.php?rest_route=\/wp\/v2\/posts\/21122\/revisions\/21123"}],"wp:featuredmedia":[{"embeddable":true,"href":"https:\/\/zonaroja.com.mx\/index.php?rest_route=\/wp\/v2\/media\/21115"}],"wp:attachment":[{"href":"https:\/\/zonaroja.com.mx\/index.php?rest_route=%2Fwp%2Fv2%2Fmedia&parent=21122"}],"wp:term":[{"taxonomy":"category","embeddable":true,"href":"https:\/\/zonaroja.com.mx\/index.php?rest_route=%2Fwp%2Fv2%2Fcategories&post=21122"},{"taxonomy":"post_tag","embeddable":true,"href":"https:\/\/zonaroja.com.mx\/index.php?rest_route=%2Fwp%2Fv2%2Ftags&post=21122"}],"curies":[{"name":"wp","href":"https:\/\/api.w.org\/{rel}","templated":true}]}}