{"id":21132,"date":"2020-12-11T10:10:13","date_gmt":"2020-12-11T16:10:13","guid":{"rendered":"http:\/\/www.zonaroja.com.mx\/?p=21132"},"modified":"2020-12-11T10:10:17","modified_gmt":"2020-12-11T16:10:17","slug":"proponen-en-congreso-declarar-al-2021-como-ano-de-la-economia-social-y-solidaria","status":"publish","type":"post","link":"https:\/\/zonaroja.com.mx\/?p=21132","title":{"rendered":"Proponen en Congreso declarar al 2021 como \u201cA\u00f1o de la Econom\u00eda Social y Solidaria\u201d"},"content":{"rendered":"\n<p>Evlin Arag\u00f3n\/Zona Roja.<\/p>\n\n\n\n<p>Oaxaca de Ju\u00e1rez, Oax., 11 de diciembre de 2020.- El diputado local por Morena, Oth\u00f3n Cuevas C\u00f3rdova, planteo una iniciativa para nombrar al 2021 como el \u201cA\u00f1o de la Econom\u00eda Social y Solidaria\u201d, a fin de impulsar el sector y de forma particular el consumo local, ante la crisis que ha dejado la pandemia por Covid-19.<\/p>\n\n\n\n<p>\u201cEn Oaxaca tenemos un tipo de econom\u00eda que pudiera convertir a la entidad en cuna de la econom\u00eda social y solidaria a nivel nacional y latinoamericano, e incluso me atrever\u00eda a decir como referente en el mundo\u201d, dijo en su participaci\u00f3n en tribuna.&nbsp;<\/p>\n\n\n\n<p>De acuerdo con el legislador, m\u00e1s del 90 por ciento de la tierra en Oaxaca es propiedad social, ya sea ejidal o comunal, as\u00ed mismo las principales empresas que sostienen la econom\u00eda no son privadas, por el contrario, son cooperativas que benefician a varias personas de una misma localidad.&nbsp;<\/p>\n\n\n\n<p>Explic\u00f3 que, aunque existe un claro mensaje del gobierno federal en contra del neoliberalismo, hace falta mencionar que es lo que sigue en cuanto a la econom\u00eda inmersa en un mercado global al que le pueden entrar directamente los productos generados a trav\u00e9s de procesos sociales.&nbsp;<\/p>\n\n\n\n<p>De ah\u00ed que mencion\u00f3 es labor de las y los legisladores dotar de la normatividad y el marco jur\u00eddico necesario para que las empresas puedan competir de \u201ct\u00fa a t\u00fa\u201d en el mercado mundial, dignificando la propiedad social.&nbsp;<\/p>\n\n\n\n<p>Cuevas C\u00f3rdova detall\u00f3 que, debido a la pandemia, la crisis econ\u00f3mica se ha incrementado en los \u00faltimos meses y han sido justamente las empresas locales y solidarias las que han mantenido la producci\u00f3n y distribuci\u00f3n de producto en beneficio de la poblaci\u00f3n que no puede quedarse sin alimentos.&nbsp;<\/p>\n\n\n\n<p>Por lo anterior insisti\u00f3 en el reconocimiento de la econom\u00eda social y solidaria, misma que permita respaldar con hechos el fin del neoliberalismo y el inicio de un modelo en el que el consumo local sea una prioridad en beneficio de las empresas que atienden directamente a la poblaci\u00f3n.&nbsp;<\/p>\n\n\n\n<p>\u201cActualmente tenemos un modelo econ\u00f3mico que s\u00f3lo abona a la pobreza, ya que en gran medida contamos con una econom\u00eda informal, dejando a un lado el establecimiento de mecanismos para fomentar el desarrollo, fortalecimiento y visibilidad de la actividad econ\u00f3mica principalmente del Sector Social de la Econom\u00eda\u201d, resalt\u00f3.&nbsp;<\/p>\n\n\n\n<p>Finalmente, en tribuna destac\u00f3 la visita que realiza este fin de semana a Oaxaca el presidente de la Rep\u00fablica, Andr\u00e9s Manuel L\u00f3pez Obrador, que dijo ha demostrado el compromiso que tienen con los pueblos del sur, a quienes ha visitado en reiteradas ocasiones.&nbsp;<\/p>\n","protected":false},"excerpt":{"rendered":"<p>Evlin Arag\u00f3n\/Zona Roja. Oaxaca de Ju\u00e1rez, Oax., 11 de diciembre de 2020.- El diputado local&hellip;<\/p>\n","protected":false},"author":2,"featured_media":21133,"comment_status":"closed","ping_status":"open","sticky":false,"template":"","format":"standard","meta":{"_lmt_disableupdate":"","_lmt_disable":"","_jetpack_memberships_contains_paid_content":false,"footnotes":""},"categories":[109,46,47],"tags":[1311],"class_list":["post-21132","post","type-post","status-publish","format-standard","has-post-thumbnail","hentry","category-minuto-a-minuto","category-zona-blanca","category-zona-gris","tag-othon-cuevas-cordova"],"jetpack_featured_media_url":"https:\/\/zonaroja.com.mx\/wp-content\/uploads\/2020\/12\/Othon-Cuevas-1.jpg","jetpack_sharing_enabled":true,"_links":{"self":[{"href":"https:\/\/zonaroja.com.mx\/index.php?rest_route=\/wp\/v2\/posts\/21132","targetHints":{"allow":["GET"]}}],"collection":[{"href":"https:\/\/zonaroja.com.mx\/index.php?rest_route=\/wp\/v2\/posts"}],"about":[{"href":"https:\/\/zonaroja.com.mx\/index.php?rest_route=\/wp\/v2\/types\/post"}],"author":[{"embeddable":true,"href":"https:\/\/zonaroja.com.mx\/index.php?rest_route=\/wp\/v2\/users\/2"}],"replies":[{"embeddable":true,"href":"https:\/\/zonaroja.com.mx\/index.php?rest_route=%2Fwp%2Fv2%2Fcomments&post=21132"}],"version-history":[{"count":1,"href":"https:\/\/zonaroja.com.mx\/index.php?rest_route=\/wp\/v2\/posts\/21132\/revisions"}],"predecessor-version":[{"id":21134,"href":"https:\/\/zonaroja.com.mx\/index.php?rest_route=\/wp\/v2\/posts\/21132\/revisions\/21134"}],"wp:featuredmedia":[{"embeddable":true,"href":"https:\/\/zonaroja.com.mx\/index.php?rest_route=\/wp\/v2\/media\/21133"}],"wp:attachment":[{"href":"https:\/\/zonaroja.com.mx\/index.php?rest_route=%2Fwp%2Fv2%2Fmedia&parent=21132"}],"wp:term":[{"taxonomy":"category","embeddable":true,"href":"https:\/\/zonaroja.com.mx\/index.php?rest_route=%2Fwp%2Fv2%2Fcategories&post=21132"},{"taxonomy":"post_tag","embeddable":true,"href":"https:\/\/zonaroja.com.mx\/index.php?rest_route=%2Fwp%2Fv2%2Ftags&post=21132"}],"curies":[{"name":"wp","href":"https:\/\/api.w.org\/{rel}","templated":true}]}}