{"id":21135,"date":"2020-12-11T16:56:16","date_gmt":"2020-12-11T22:56:16","guid":{"rendered":"http:\/\/www.zonaroja.com.mx\/?p=21135"},"modified":"2020-12-11T16:56:19","modified_gmt":"2020-12-11T22:56:19","slug":"oaxaca-recibe-a-amlo-con-violencia-y-protestas-dos-asesinados-y-un-herido","status":"publish","type":"post","link":"https:\/\/zonaroja.com.mx\/?p=21135","title":{"rendered":"Oaxaca recibe a AMLO con violencia y protestas; dos asesinados y un herido"},"content":{"rendered":"\n<p>Yuridiana Sosa\/Zona Roja.<\/p>\n\n\n\n<p>Oaxaca de Ju\u00e1rez, Oax., 11 de diciembre de 2020.- En su en\u00e9sima visita a Oaxaca el Presidente de M\u00e9xico, Andr\u00e9s Manuel L\u00f3pez Obrador, es recibido en un ambiente que visibiliza la ingobernabilidad en la entidad.<\/p>\n\n\n\n<p>En la regi\u00f3n del Istmo de Tehuantepec se registr\u00f3 la muerte a balazos de un probable delincuente y un elemento de la Polic\u00eda Municipal de Juchit\u00e1n de Zaragoza.<\/p>\n\n\n\n<p>Los reportes policiales indicaron que tras un intenso de asalto, esta ma\u00f1ana se registr\u00f3 una persecuci\u00f3n por parte de la Polic\u00eda Municipal a un grupo de hombres, del que uno result\u00f3 abatido y tres m\u00e1s fueron detenidos, en callej\u00f3n Rosales de la Octava Secci\u00f3n, conocida como Cheguigo.<\/p>\n\n\n\n<p>El polic\u00eda ca\u00eddo en el cumplimiento de su deber, fue identificado como \u00c1ngel Rasgado, de 39 a\u00f1os, quien muri\u00f3 mientras recib\u00eda atenci\u00f3n m\u00e9dica hospitalaria por las heridas de bala.<\/p>\n\n\n\n<figure class=\"wp-block-embed-twitter wp-block-embed is-type-rich is-provider-twitter\"><div class=\"wp-block-embed__wrapper\">\n<div class=\"twitter-tweet\"><blockquote class=\"twitter-tweet\" data-lang=\"es\"><p lang=\"es\" dir=\"ltr\"><a href=\"https:\/\/twitter.com\/hashtag\/OaxacaRojo?src=hash&amp;ref_src=twsrc%5Etfw\">#OaxacaRojo<\/a> <br>A unas horas de la llegada de <a href=\"https:\/\/twitter.com\/lopezobrador_?ref_src=twsrc%5Etfw\">@lopezobrador_<\/a> a <a href=\"https:\/\/twitter.com\/hashtag\/Oaxaca?src=hash&amp;ref_src=twsrc%5Etfw\">#Oaxaca<\/a>, en Juchit\u00e1n de Zaragoza se registra un enfrentamiento entre polic\u00edas y presuntos delincuentes; dos personas fallecidas y un detenido, el saldo preliminar. <br>Video: La Pluma Digital. <a href=\"https:\/\/t.co\/3ddrSaRjuK\">pic.twitter.com\/3ddrSaRjuK<\/a><\/p>&mdash; Zona Roja Oaxaca (@MexRoja) <a href=\"https:\/\/twitter.com\/MexRoja\/status\/1337462575231954945?ref_src=twsrc%5Etfw\">11 de diciembre de 2020<\/a><\/blockquote><\/div>\n<\/div><\/figure>\n\n\n\n<p>AHORA EN LA CAPITAL<\/p>\n\n\n\n<p>Por otra parte, alrededor de las 16:00 horas se registr\u00f3 un presunto asalto por parte de sujetos armados, que dej\u00f3 como saldo una persona lesionada de bala.<\/p>\n\n\n\n<p>Los hechos se suscitaron en la calle 16 de Septiembre, a la altura del puente del r\u00edo \u201cSalado\u201d, en la agencia de Cinco Se\u00f1ores de la capital de Oaxaca, colindante con San Sebasti\u00e1n Tutla.<\/p>\n\n\n\n<p>Una persona que viajaba a bordo de una camioneta marca Ford fue agredida a balazos y por el momento se desconoce si fue consumado el asalto; los delincuentes escaparon a bordo de una motocicleta.<\/p>\n\n\n\n<p>M\u00daLTIPLES PROTESTAS<\/p>\n\n\n\n<p>En la capital y zona conurbada, las manifestaciones continuaron, una de ellas con la intenci\u00f3n de exhibir ante el mandatario nacional las irregularidades que padecen por parte de las autoridades estatales.<\/p>\n\n\n\n<p>En el crucero del aeropuerto \u201cBenito Ju\u00e1rez\u201d, en la carretera internacional 175, en San Agust\u00edn de las Juntas, habitantes de la agencia de Santa Mar\u00eda Mixistl\u00e1n, de Mixistl\u00e1n de Reforma, Mixe, interceptaron el convoy del presidente Andr\u00e9s Manuel L\u00f3pez Obrador y entregaron un documento para denunciar distintos actos en su contra y demandar ayuda.<\/p>\n\n\n\n<p>Los pobladores llevan cuatro d\u00edas de manifestaciones, para pedir a la Secretar\u00eda General de Gobierno que intervenga en la entrega de sus recursos p\u00fablicos del ramo 20 y 33 que se niega a entregar el presidente municipal, Juan Antonio D\u00edaz.<\/p>\n\n\n\n<figure class=\"wp-block-embed-twitter wp-block-embed is-type-rich is-provider-twitter\"><div class=\"wp-block-embed__wrapper\">\n<div class=\"twitter-tweet\"><blockquote class=\"twitter-tweet\" data-lang=\"es\"><p lang=\"es\" dir=\"ltr\"><a href=\"https:\/\/twitter.com\/hashtag\/ENVIVO?src=hash&amp;ref_src=twsrc%5Etfw\">#ENVIVO<\/a><br>San Agust\u00edn de las Juntas, Oax., 11 de diciembre de 2020. Con protesta pac\u00edfica reciben pobladores de Santa Mar\u00eda Mixixtl\u00e1n al Presidente L\u00f3pez Obrador a su llegada a <a href=\"https:\/\/twitter.com\/hashtag\/Oaxaca?src=hash&amp;ref_src=twsrc%5Etfw\">#Oaxaca<\/a>; le entregan documento de sus peticiones. <br><br>Aqu\u00ed la transmisi\u00f3n:<br>\ud83d\udc47<a href=\"https:\/\/t.co\/2eyn1uvCSn\">https:\/\/t.co\/2eyn1uvCSn<\/a> <a href=\"https:\/\/t.co\/P8WQDjrbhT\">pic.twitter.com\/P8WQDjrbhT<\/a><\/p>&mdash; Zona Roja Oaxaca (@MexRoja) <a href=\"https:\/\/twitter.com\/MexRoja\/status\/1337480098182656000?ref_src=twsrc%5Etfw\">11 de diciembre de 2020<\/a><\/blockquote><\/div>\n<\/div><\/figure>\n\n\n\n<p>Tambi\u00e9n denunciaron que el camino artesanal que se construir\u00eda en su comunidad para conectarla con la cabecera municipal, fue desviado con la intenci\u00f3n de afectarlos.<\/p>\n\n\n\n<p>A pie de camioneta, una mujer ind\u00edgena mixe entreg\u00f3 las peticiones al presidente, mientras que el resto suplic\u00f3 a gritos ayuda; no obstante, L\u00f3pez Obrador no baj\u00f3 la ventanilla de su unidad de motor.<\/p>\n\n\n\n<p>Previo al paso del mandatario, algunos habitantes se amarraron a una estructura en el crucero del aeropuerto para expresar su inconformidad por las violaciones a sus derechos por parte de la autoridad municipal, sin que el gobierno del estado resuelva.<\/p>\n\n\n\n<p>Posterior a esta protesta, los habitantes se trasladaron al z\u00f3calo de la capital para iniciar una huelga de hambre por parte de 20 de sus pobladores, como medida de presi\u00f3n para que el gobernador Alejandro Murat los atienda y se resuelva el problema.<\/p>\n\n\n\n<p>TAMBI\u00c9N DOCENTES<\/p>\n\n\n\n<figure class=\"wp-block-embed-twitter wp-block-embed is-type-rich is-provider-twitter\"><div class=\"wp-block-embed__wrapper\">\n<div class=\"twitter-tweet\"><blockquote class=\"twitter-tweet\" data-lang=\"es\"><p lang=\"es\" dir=\"ltr\">A falta de atenci\u00f3n y respuesta por parte del titular del <a href=\"https:\/\/twitter.com\/IEEPOGobOax?ref_src=twsrc%5Etfw\">@IEEPOGobOax<\/a>, <a href=\"https:\/\/twitter.com\/VillarrealPaco?ref_src=twsrc%5Etfw\">@VillarrealPaco<\/a>, los docentes de la Secci\u00f3n 22 del SNTE que exigen sus pagos, ahora bloquean la avenida Independencia esquina con Armenta y L\u00f3pez, Centro Hist\u00f3rico de la capital. <a href=\"https:\/\/t.co\/11z4lngHmY\">pic.twitter.com\/11z4lngHmY<\/a><\/p>&mdash; Zona Roja Oaxaca (@MexRoja) <a href=\"https:\/\/twitter.com\/MexRoja\/status\/1337458786295033858?ref_src=twsrc%5Etfw\">11 de diciembre de 2020<\/a><\/blockquote><\/div>\n<\/div><\/figure>\n\n\n\n<p>Por su parte, docentes adheridos a la Secci\u00f3n 22 del Sindicato Nacional de Trabajadores del Estado (SNTE) se manifestaron para denunciar al Instituto Estatal Electoral de Oaxaca (IEEPO) de negarse a pagar sus sueldos devengados.<\/p>\n\n\n\n<p>Los profesores inconformes se\u00f1alaron que son m\u00e1s de 150 maestros de educaci\u00f3n f\u00edsica, del nivel de Secundarias T\u00e9cnicas, los afectados con el atraso de sus quincenas, sin embargo, afirmaron que el recurso federal est\u00e1 atorado en las arcas del IEEPO.<\/p>\n\n\n\n<p>De no obtener soluci\u00f3n inmediata a la petici\u00f3n, los maestros amenazaron con realizar en pr\u00f3ximos d\u00edas marchas y bloqueos. Tras no ser atendidos, bloquean desde el mediod\u00eda la calle Armenta y L\u00f3pez, en su cruce con la avenida Independencia y con avenida Hidalgo.<\/p>\n\n\n\n<p>Por otra parte, habitantes de San Antonio de la Cal arribaron a Ciudad Administrativa, en el municipio de Tlalixtac de Cabrera, para manifestarse nuevamente para exigir atenci\u00f3n de la Secretar\u00eda General de Gobierno.<\/p>\n","protected":false},"excerpt":{"rendered":"<p>Yuridiana Sosa\/Zona Roja. Oaxaca de Ju\u00e1rez, Oax., 11 de diciembre de 2020.- En su en\u00e9sima&hellip;<\/p>\n","protected":false},"author":2,"featured_media":21136,"comment_status":"closed","ping_status":"open","sticky":false,"template":"","format":"standard","meta":{"_lmt_disableupdate":"","_lmt_disable":"","_jetpack_memberships_contains_paid_content":false,"footnotes":""},"categories":[109,47],"tags":[1536],"class_list":["post-21135","post","type-post","status-publish","format-standard","has-post-thumbnail","hentry","category-minuto-a-minuto","category-zona-gris","tag-visita-andres-manuel-lopez-obrador-a-oaxaca"],"jetpack_featured_media_url":"https:\/\/zonaroja.com.mx\/wp-content\/uploads\/2020\/12\/Protesta-Santa-Maria-Mixistlan.jpg","jetpack_sharing_enabled":true,"_links":{"self":[{"href":"https:\/\/zonaroja.com.mx\/index.php?rest_route=\/wp\/v2\/posts\/21135","targetHints":{"allow":["GET"]}}],"collection":[{"href":"https:\/\/zonaroja.com.mx\/index.php?rest_route=\/wp\/v2\/posts"}],"about":[{"href":"https:\/\/zonaroja.com.mx\/index.php?rest_route=\/wp\/v2\/types\/post"}],"author":[{"embeddable":true,"href":"https:\/\/zonaroja.com.mx\/index.php?rest_route=\/wp\/v2\/users\/2"}],"replies":[{"embeddable":true,"href":"https:\/\/zonaroja.com.mx\/index.php?rest_route=%2Fwp%2Fv2%2Fcomments&post=21135"}],"version-history":[{"count":1,"href":"https:\/\/zonaroja.com.mx\/index.php?rest_route=\/wp\/v2\/posts\/21135\/revisions"}],"predecessor-version":[{"id":21137,"href":"https:\/\/zonaroja.com.mx\/index.php?rest_route=\/wp\/v2\/posts\/21135\/revisions\/21137"}],"wp:featuredmedia":[{"embeddable":true,"href":"https:\/\/zonaroja.com.mx\/index.php?rest_route=\/wp\/v2\/media\/21136"}],"wp:attachment":[{"href":"https:\/\/zonaroja.com.mx\/index.php?rest_route=%2Fwp%2Fv2%2Fmedia&parent=21135"}],"wp:term":[{"taxonomy":"category","embeddable":true,"href":"https:\/\/zonaroja.com.mx\/index.php?rest_route=%2Fwp%2Fv2%2Fcategories&post=21135"},{"taxonomy":"post_tag","embeddable":true,"href":"https:\/\/zonaroja.com.mx\/index.php?rest_route=%2Fwp%2Fv2%2Ftags&post=21135"}],"curies":[{"name":"wp","href":"https:\/\/api.w.org\/{rel}","templated":true}]}}