{"id":21138,"date":"2020-12-11T17:47:28","date_gmt":"2020-12-11T23:47:28","guid":{"rendered":"http:\/\/www.zonaroja.com.mx\/?p=21138"},"modified":"2020-12-11T17:47:31","modified_gmt":"2020-12-11T23:47:31","slug":"confirma-el-mult-que-fueron-cinco-los-masacrados-entre-ellos-cuatro-mujeres","status":"publish","type":"post","link":"https:\/\/zonaroja.com.mx\/?p=21138","title":{"rendered":"Confirma el MULT que fueron cinco los masacrados, entre ellos cuatro mujeres"},"content":{"rendered":"\n<p>Evlin Arag\u00f3n\/Zona Roja.<\/p>\n\n\n\n<p>Oaxaca de Ju\u00e1rez, Oax., 11 de diciembre de 2020.- La cifra de v\u00edctimas mortales derivadas de una emboscada en el paraje \u201cBarranca Amarga\u201d de la comunidad de Rastrojo Copala, Santiago Juxtlahuaca, subi\u00f3 a cinco, confirm\u00f3 el Movimiento de Unificaci\u00f3n y Lucha Triqui (MULT), quienes exigen justicia para la familia masacrada.&nbsp;<\/p>\n\n\n\n<p>Lejos de que las autoridades pongan un alto a la violencia en la zona triqui, \u00e9sta no hace m\u00e1s que aumentar en perjuicio de la poblaci\u00f3n ind\u00edgena que ah\u00ed reside y que se enfrenta constantemente a la p\u00e9rdida de un ser querido, sin que exista justicia para los deudos.&nbsp;<\/p>\n\n\n\n<p>\u201cYa no m\u00e1s provocaciones se\u00f1ores del poder, los que no quieren que se instale la mesa de paz. Nosotros como pueblos anhelamos que haya paz y armon\u00eda en nuestras comunidades\u201d, dijeron en un breve comunicado que m\u00e1s tarde ampliaron.<\/p>\n\n\n\n<p>De acuerdo con la informaci\u00f3n proporcionada las v\u00edctimas de los hechos sucedidos ayer mi\u00e9rcoles son: Feliciano Ram\u00edrez Paz, de 48 a\u00f1os de edad; su esposa y madre Isidra Hern\u00e1ndez Mart\u00ednez y Mar\u00eda Macaria Paz, de 40 a\u00f1os y 75 a\u00f1os de edad respectivamente; as\u00ed como Feliciana Ram\u00edrez Santill\u00e1n, de 17 a\u00f1os; y Tania Ram\u00edrez Santill\u00e1n, de 10 a\u00f1os.<\/p>\n\n\n\n<p>Adem\u00e1s, resultaron lesionados las menores de edad Rosita Ram\u00edrez Santill\u00e1n, de 17 a\u00f1os; Luisa Ram\u00edrez Santill\u00e1n, de 10 a\u00f1os; y \u00c1ngel Cesar Ram\u00edrez Mart\u00ednez, de 8 a\u00f1os, originarios de El Rastrojo Copala, quienes reciben atenci\u00f3n m\u00e9dica en el hospital de Santiago Juxtlahuaca.<\/p>\n\n\n\n<figure class=\"wp-block-image size-large\"><img decoding=\"async\" width=\"1024\" height=\"607\" src=\"http:\/\/www.zonaroja.com.mx\/wp-content\/uploads\/2020\/12\/Comunicado-MULT-1024x607.jpg\" alt=\"\" class=\"wp-image-21140\" srcset=\"https:\/\/zonaroja.com.mx\/wp-content\/uploads\/2020\/12\/Comunicado-MULT-1024x607.jpg 1024w, https:\/\/zonaroja.com.mx\/wp-content\/uploads\/2020\/12\/Comunicado-MULT-300x178.jpg 300w, https:\/\/zonaroja.com.mx\/wp-content\/uploads\/2020\/12\/Comunicado-MULT-768x455.jpg 768w, https:\/\/zonaroja.com.mx\/wp-content\/uploads\/2020\/12\/Comunicado-MULT-1170x694.jpg 1170w, https:\/\/zonaroja.com.mx\/wp-content\/uploads\/2020\/12\/Comunicado-MULT-585x347.jpg 585w, https:\/\/zonaroja.com.mx\/wp-content\/uploads\/2020\/12\/Comunicado-MULT.jpg 1280w\" sizes=\"(max-width: 1024px) 100vw, 1024px\" \/><\/figure>\n\n\n\n<p>Por lo anterior exigieron una investigaci\u00f3n pronta y expedita a las autoridades correspondientes para el esclarecimiento del artero asesinato de sus militantes &#8211; con la participaci\u00f3n de la Fiscal\u00eda General de la Rep\u00fablica- y atenci\u00f3n medica pronta y expedita a las menores lesionadas.<\/p>\n\n\n\n<p>Explicaron que hasta hace unos d\u00edas estaban esperanzado porque fue detenido uno de los sicarios m\u00e1s sanguinarios de la regi\u00f3n, lo cual pensaron seria la punta de la madeja que los llevar\u00eda a los autores materiales e intelectuales de la violencia en la zona, pero no fue as\u00ed.&nbsp;<\/p>\n\n\n\n<p>\u201c\u00bfSer\u00e1 que a nadie le importamos por ser ind\u00edgenas? \u00bfAcaso por ser pobres y luchar por la paz les impide a Gobernaci\u00f3n Federal y la CNDH acercarse a platicar con nosotros? Cuanta sangre m\u00e1s tenemos que ofrendar para que dejen la soberbia y volteen la mirada hacia nosotros\u201d, refieren en su comunicado.<\/p>\n\n\n\n<p>Debido a la falta de acci\u00f3n por parte de las autoridades y la permanencia de la violencia en la zona, hicieron un llamado a la consulta popular de toda la militancia del MULT para determinar las acciones a realizar dentro de las que se contemplan la toma de edificios p\u00fablicos y radiodifusoras, as\u00ed como un \u00e9xodo a la Ciudad de M\u00e9xico.<\/p>\n\n\n\n<p>Finalmente reiteraron la exigencia de coadyuvancia de la Fiscal\u00eda General de la Rep\u00fablica y de la Unidad de Inteligencia Financiera para investigar a personajes de la vida pol\u00edtica se\u00f1alados de estar vinculados a la delincuencia y al clima de violencia que no s\u00f3lo e vive en la zona triqui, sino en toda la entidad.&nbsp;&nbsp;<\/p>\n","protected":false},"excerpt":{"rendered":"<p>Evlin Arag\u00f3n\/Zona Roja. Oaxaca de Ju\u00e1rez, Oax., 11 de diciembre de 2020.- La cifra de&hellip;<\/p>\n","protected":false},"author":2,"featured_media":21139,"comment_status":"closed","ping_status":"open","sticky":false,"template":"","format":"standard","meta":{"_lmt_disableupdate":"","_lmt_disable":"","_jetpack_memberships_contains_paid_content":false,"footnotes":""},"categories":[109,51],"tags":[732,826],"class_list":["post-21138","post","type-post","status-publish","format-standard","has-post-thumbnail","hentry","category-minuto-a-minuto","category-zona-roja","tag-movimiento-de-unificacion-y-lucha-triqui","tag-santiago-juxtlahuaca"],"jetpack_featured_media_url":"https:\/\/zonaroja.com.mx\/wp-content\/uploads\/2020\/12\/Familia-masacrada-Juxtlahuaca.jpg","jetpack_sharing_enabled":true,"_links":{"self":[{"href":"https:\/\/zonaroja.com.mx\/index.php?rest_route=\/wp\/v2\/posts\/21138","targetHints":{"allow":["GET"]}}],"collection":[{"href":"https:\/\/zonaroja.com.mx\/index.php?rest_route=\/wp\/v2\/posts"}],"about":[{"href":"https:\/\/zonaroja.com.mx\/index.php?rest_route=\/wp\/v2\/types\/post"}],"author":[{"embeddable":true,"href":"https:\/\/zonaroja.com.mx\/index.php?rest_route=\/wp\/v2\/users\/2"}],"replies":[{"embeddable":true,"href":"https:\/\/zonaroja.com.mx\/index.php?rest_route=%2Fwp%2Fv2%2Fcomments&post=21138"}],"version-history":[{"count":1,"href":"https:\/\/zonaroja.com.mx\/index.php?rest_route=\/wp\/v2\/posts\/21138\/revisions"}],"predecessor-version":[{"id":21141,"href":"https:\/\/zonaroja.com.mx\/index.php?rest_route=\/wp\/v2\/posts\/21138\/revisions\/21141"}],"wp:featuredmedia":[{"embeddable":true,"href":"https:\/\/zonaroja.com.mx\/index.php?rest_route=\/wp\/v2\/media\/21139"}],"wp:attachment":[{"href":"https:\/\/zonaroja.com.mx\/index.php?rest_route=%2Fwp%2Fv2%2Fmedia&parent=21138"}],"wp:term":[{"taxonomy":"category","embeddable":true,"href":"https:\/\/zonaroja.com.mx\/index.php?rest_route=%2Fwp%2Fv2%2Fcategories&post=21138"},{"taxonomy":"post_tag","embeddable":true,"href":"https:\/\/zonaroja.com.mx\/index.php?rest_route=%2Fwp%2Fv2%2Ftags&post=21138"}],"curies":[{"name":"wp","href":"https:\/\/api.w.org\/{rel}","templated":true}]}}