{"id":2114,"date":"2019-07-08T21:39:42","date_gmt":"2019-07-09T02:39:42","guid":{"rendered":"http:\/\/www.zonaroja.com.mx\/?p=2114"},"modified":"2019-07-08T21:52:11","modified_gmt":"2019-07-09T02:52:11","slug":"suman-tres-muertes-transporte-urbano-en-oaxaca-todas-mujeres","status":"publish","type":"post","link":"https:\/\/zonaroja.com.mx\/?p=2114","title":{"rendered":"Suma tres muertes transporte urbano en Oaxaca, todas mujeres"},"content":{"rendered":"\n<p>Ismael\nGarc\u00eda M.<\/p>\n\n\n\n<p>Oaxaca de\nJu\u00e1rez, Oax., 8 de julio de 2019.- Un zapato color caf\u00e9, una bolsa que llevaba\nen la espalda y una sombrilla, mudos testigos en el caliente pavimento. <\/p>\n\n\n\n<p>Sol quemante\nde las 13:00 horas, en la calzada H\u00e9roes de Chapultepec de la capital de\nOaxaca. Tr\u00e1fico intenso. La mujer intent\u00f3 cruzar en una zona que no era\npeatonal y fue arrollada. Ah\u00ed mismo qued\u00f3 tendido el cuerpo, bocabajo, con la\ncabeza destrozada.<\/p>\n\n\n\n<p>El urbanero\npas\u00f3 los sem\u00e1foros, pero metros adelante, justo en el crucero de la terminal de\nautobuses ADO, detuvo su marcha y el chofer escap\u00f3.<\/p>\n\n\n\n<p>La mujer de pantal\u00f3n de mezclilla y blusa verde qued\u00f3 inerte. El autob\u00fas de la empresa Tucdosa, con n\u00famero econ\u00f3mico A-048, detenido. <\/p>\n\n\n\n<figure class=\"wp-block-embed-twitter wp-block-embed is-type-rich is-provider-twitter\"><div class=\"wp-block-embed__wrapper\">\n<div class=\"twitter-tweet\"><blockquote class=\"twitter-tweet\" data-lang=\"es\"><p lang=\"es\" dir=\"ltr\"><a href=\"https:\/\/twitter.com\/hashtag\/ENVIVO?src=hash&amp;ref_src=twsrc%5Etfw\">#ENVIVO<\/a><br>Ciudad de Oaxaca. <br>Un cami\u00f3n del transporte urbano atropella y mata a una mujer, en la calzada H\u00e9roes de Chapultepec. <br>\ud83d\udc47<a href=\"https:\/\/t.co\/0KlP8aUehg\">https:\/\/t.co\/0KlP8aUehg<\/a> <a href=\"https:\/\/t.co\/I1mVSXjMJi\">pic.twitter.com\/I1mVSXjMJi<\/a><\/p>&mdash; Zona Roja Oaxaca (@MexRoja) <a href=\"https:\/\/twitter.com\/MexRoja\/status\/1148305060620902405?ref_src=twsrc%5Etfw\">8 de julio de 2019<\/a><\/blockquote><\/div>\n<\/div><\/figure>\n\n\n\n<p>TRES CASOS<\/p>\n\n\n\n<p>Con la\nv\u00edctima que hasta anoche permanec\u00eda como desconocida, suman tres personas\nmuertas a causa de atropellamiento provocado por un cami\u00f3n del transporte\nurbano, un caso de ellos en San Juan Bautista Tuxtepec.<\/p>\n\n\n\n<p>En dicha\nciudad de la regi\u00f3n Cuenca, el pasado 25 de junio fue atropellada una joven, en\nla avenida Libertad esquina con Ocampo; la estudiante de la Universidad\nPedag\u00f3gica Nacional, campus Tuxtepec, muri\u00f3 en el lugar.<\/p>\n\n\n\n<p>El 3 de\nabril de este a\u00f1o, otra mujer fue arrollada por una unidad de pasajeros con\nn\u00famero econ\u00f3mico B-147, en la avenida Proletariado Mexicano, frente al mercado \u201cPaz\nMigueles\u201d, al norte de la capital oaxaque\u00f1a; la v\u00edctima fue identificada como Enedina\nZ\u00e1rate Santiago, del ejido Guadalupe Victoria, quien dej\u00f3 en la orfandad a tres\nhijos.<\/p>\n\n\n\n<p>El a\u00f1o\npasado se registraron tambi\u00e9n al menos tres muertes a causa del transporte\nurbano y al menos 75 accidentes provocados por ese tipo de unidades.<\/p>\n\n\n\n<p>Pese a ello,\nla Secretar\u00eda de Movilidad, que encabeza Mariana Nassar Pi\u00f1eyro, no ha\ninformado las acciones que se toman en contra de las empresas concesionarias\npor cometer ese tipo de acciones.<\/p>\n","protected":false},"excerpt":{"rendered":"<p>Ismael Garc\u00eda M. Oaxaca de Ju\u00e1rez, Oax., 8 de julio de 2019.- Un zapato color&hellip;<\/p>\n","protected":false},"author":2,"featured_media":2115,"comment_status":"closed","ping_status":"open","sticky":false,"template":"","format":"standard","meta":{"_lmt_disableupdate":"","_lmt_disable":"","_jetpack_memberships_contains_paid_content":false,"footnotes":""},"categories":[109,51],"tags":[321,148],"class_list":["post-2114","post","type-post","status-publish","format-standard","has-post-thumbnail","hentry","category-minuto-a-minuto","category-zona-roja","tag-atropellan-a-mujer-calzada-heroes-de-chapultepec","tag-oaxaca-de-juarez"],"jetpack_featured_media_url":"https:\/\/zonaroja.com.mx\/wp-content\/uploads\/2019\/07\/IMG_7264.jpg","jetpack_sharing_enabled":true,"_links":{"self":[{"href":"https:\/\/zonaroja.com.mx\/index.php?rest_route=\/wp\/v2\/posts\/2114","targetHints":{"allow":["GET"]}}],"collection":[{"href":"https:\/\/zonaroja.com.mx\/index.php?rest_route=\/wp\/v2\/posts"}],"about":[{"href":"https:\/\/zonaroja.com.mx\/index.php?rest_route=\/wp\/v2\/types\/post"}],"author":[{"embeddable":true,"href":"https:\/\/zonaroja.com.mx\/index.php?rest_route=\/wp\/v2\/users\/2"}],"replies":[{"embeddable":true,"href":"https:\/\/zonaroja.com.mx\/index.php?rest_route=%2Fwp%2Fv2%2Fcomments&post=2114"}],"version-history":[{"count":2,"href":"https:\/\/zonaroja.com.mx\/index.php?rest_route=\/wp\/v2\/posts\/2114\/revisions"}],"predecessor-version":[{"id":2117,"href":"https:\/\/zonaroja.com.mx\/index.php?rest_route=\/wp\/v2\/posts\/2114\/revisions\/2117"}],"wp:featuredmedia":[{"embeddable":true,"href":"https:\/\/zonaroja.com.mx\/index.php?rest_route=\/wp\/v2\/media\/2115"}],"wp:attachment":[{"href":"https:\/\/zonaroja.com.mx\/index.php?rest_route=%2Fwp%2Fv2%2Fmedia&parent=2114"}],"wp:term":[{"taxonomy":"category","embeddable":true,"href":"https:\/\/zonaroja.com.mx\/index.php?rest_route=%2Fwp%2Fv2%2Fcategories&post=2114"},{"taxonomy":"post_tag","embeddable":true,"href":"https:\/\/zonaroja.com.mx\/index.php?rest_route=%2Fwp%2Fv2%2Ftags&post=2114"}],"curies":[{"name":"wp","href":"https:\/\/api.w.org\/{rel}","templated":true}]}}