{"id":21145,"date":"2020-12-11T20:42:52","date_gmt":"2020-12-12T02:42:52","guid":{"rendered":"http:\/\/www.zonaroja.com.mx\/?p=21145"},"modified":"2020-12-11T20:42:54","modified_gmt":"2020-12-12T02:42:54","slug":"brinda-el-poder-judicial-servicio-de-apoyo-psicologico-a-trabajadores","status":"publish","type":"post","link":"https:\/\/zonaroja.com.mx\/?p=21145","title":{"rendered":"Brinda el Poder Judicial servicio de apoyo psicol\u00f3gico a trabajadores"},"content":{"rendered":"\n<p>Redacci\u00f3n\/Zona Roja.<\/p>\n\n\n\n<p>Oaxaca de Ju\u00e1rez, Oax., Con una visi\u00f3n humanista, a trav\u00e9s del Programa de Atenci\u00f3n y Contenci\u00f3n Emocional (PACEM), puesto en marcha dentro del plan de retorno gradual, seguro y ordenado a la actividad jurisdiccional y administrativa del Poder Judicial del Estado de Oaxaca, la instituci\u00f3n brinda apoyo psicol\u00f3gico y terapia a las y los trabajadores en activo que est\u00e9n viviendo situaciones de ansiedad, estr\u00e9s y otros problemas que puedan afectar su salud mental y emocional derivado de la contingencia sanitaria por Covid-19.<\/p>\n\n\n\n<p>Las sesiones se realizan de forma confidencial, mediante videoconferencias y para solicitarlas el personal que requiera de esta ayuda debe llamar al n\u00famero de tel\u00e9fono 951 117 33 46, donde se les asignar\u00e1 un especialista que le brindar\u00e1 el apoyo gratuito por el tiempo que considere necesario, inform\u00f3 la directora de Periciales del Consejo de la Judicatura, Yadira Piedad Saavedra L\u00f3pez, \u00e1rea a cargo de la estrategia que se implement\u00f3 desde el mes de marzo pasado.<\/p>\n\n\n\n<p>Resalt\u00f3 que los Plenos del Tribunal Superior de Justicia y del Consejo de la Judicatura, que preside el Magistrado Eduardo Pinacho S\u00e1nchez, avalaron el Programa de Atenci\u00f3n y Contenci\u00f3n Emocional tomando en cuenta que la labor de la instituci\u00f3n es de primera necesidad y no se puede detener, por lo cual las y los servidores p\u00fablicos judiciales mantienen relaci\u00f3n estrecha con las personas que deben atender.<\/p>\n\n\n\n<p>\u201cLa salud emocional tambi\u00e9n es una responsabilidad y es parte de lo que nos va a ayudar a mantenernos bien durante este periodo de contingencia que ha generado en las personas un estado de incertidumbre, miedo y ansiedad\u201d, subray\u00f3 la directora de Periciales.<\/p>\n\n\n\n<p>Mencion\u00f3 que hasta ahora, los servicios de apoyo psicol\u00f3gico y terapia se han brindado a impartidores de justicia, secretarios, secretarias judiciales, juezas, jueces y personal de confianza que est\u00e1 laborando en los juzgados y las distintas \u00e1reas de la instituci\u00f3n para ayudarles a sobrellevar de la mejor manera la situaci\u00f3n que vivimos y puedan encontrar una v\u00eda para tranquilizarse, fortalecer y recuperar su confianza.<\/p>\n\n\n\n<p>Por otra parte, dio a conocer que a nivel nacional, Oaxaca es uno de los pocos estados que cuenta con una Direcci\u00f3n de Periciales en sede judicial, lo que garantiza el cumplimiento del debido proceso y el control exhaustivo de la capacitaci\u00f3n y actividades de los peritos, quienes cuentan con una preparaci\u00f3n especializada.<\/p>\n","protected":false},"excerpt":{"rendered":"<p>Redacci\u00f3n\/Zona Roja. Oaxaca de Ju\u00e1rez, Oax., Con una visi\u00f3n humanista, a trav\u00e9s del Programa de&hellip;<\/p>\n","protected":false},"author":2,"featured_media":21146,"comment_status":"closed","ping_status":"open","sticky":false,"template":"","format":"standard","meta":{"_lmt_disableupdate":"","_lmt_disable":"","_jetpack_memberships_contains_paid_content":false,"footnotes":""},"categories":[109,46],"tags":[223],"class_list":["post-21145","post","type-post","status-publish","format-standard","has-post-thumbnail","hentry","category-minuto-a-minuto","category-zona-blanca","tag-poder-judicial-de-oaxaca"],"jetpack_featured_media_url":"https:\/\/zonaroja.com.mx\/wp-content\/uploads\/2020\/12\/Lic-Yadira-Piedad-Saavedra6.jpg","jetpack_sharing_enabled":true,"_links":{"self":[{"href":"https:\/\/zonaroja.com.mx\/index.php?rest_route=\/wp\/v2\/posts\/21145","targetHints":{"allow":["GET"]}}],"collection":[{"href":"https:\/\/zonaroja.com.mx\/index.php?rest_route=\/wp\/v2\/posts"}],"about":[{"href":"https:\/\/zonaroja.com.mx\/index.php?rest_route=\/wp\/v2\/types\/post"}],"author":[{"embeddable":true,"href":"https:\/\/zonaroja.com.mx\/index.php?rest_route=\/wp\/v2\/users\/2"}],"replies":[{"embeddable":true,"href":"https:\/\/zonaroja.com.mx\/index.php?rest_route=%2Fwp%2Fv2%2Fcomments&post=21145"}],"version-history":[{"count":1,"href":"https:\/\/zonaroja.com.mx\/index.php?rest_route=\/wp\/v2\/posts\/21145\/revisions"}],"predecessor-version":[{"id":21147,"href":"https:\/\/zonaroja.com.mx\/index.php?rest_route=\/wp\/v2\/posts\/21145\/revisions\/21147"}],"wp:featuredmedia":[{"embeddable":true,"href":"https:\/\/zonaroja.com.mx\/index.php?rest_route=\/wp\/v2\/media\/21146"}],"wp:attachment":[{"href":"https:\/\/zonaroja.com.mx\/index.php?rest_route=%2Fwp%2Fv2%2Fmedia&parent=21145"}],"wp:term":[{"taxonomy":"category","embeddable":true,"href":"https:\/\/zonaroja.com.mx\/index.php?rest_route=%2Fwp%2Fv2%2Fcategories&post=21145"},{"taxonomy":"post_tag","embeddable":true,"href":"https:\/\/zonaroja.com.mx\/index.php?rest_route=%2Fwp%2Fv2%2Ftags&post=21145"}],"curies":[{"name":"wp","href":"https:\/\/api.w.org\/{rel}","templated":true}]}}