{"id":21160,"date":"2020-12-12T07:46:42","date_gmt":"2020-12-12T13:46:42","guid":{"rendered":"http:\/\/www.zonaroja.com.mx\/?p=21160"},"modified":"2020-12-12T07:46:44","modified_gmt":"2020-12-12T13:46:44","slug":"defensora-oaxaquena-recibe-mencion-honorifica-en-premio-franco-aleman-gilberto-bosques","status":"publish","type":"post","link":"https:\/\/zonaroja.com.mx\/?p=21160","title":{"rendered":"Defensora oaxaque\u00f1a recibe menci\u00f3n honor\u00edfica en premio franco-alem\u00e1n \u201cGilberto Bosques\u201d"},"content":{"rendered":"\n<p>Redacci\u00f3n\/Zona Roja.<\/p>\n\n\n\n<p>Oaxaca de Ju\u00e1rez, Oax., 12 de diciembre de 2020.- Y\u00e9sica S\u00e1nchez Maya, integrante del equipo directivo de Consorcio Oaxaca fue galardonada con una menci\u00f3n honor\u00edfica en el premio franco-alem\u00e1n de Derechos Humanos \u201cGilberto Bosques\u201d.<\/p>\n\n\n\n<p>S\u00e1nchez Maya es una abogada feminista que lleva 20 a\u00f1os de trayectoria en la defensa de los derechos humanos. Durante el conflicto social de 2006 era presidenta de la Liga Mexicana por la Defensa de los Derechos Humanos filial Oaxaca, y como tal se ocup\u00f3 de la defensa de las y los participantes en ese movimiento.<\/p>\n\n\n\n<p>En diciembre de 2006 fueron libradas \u00f3rdenes de aprehensi\u00f3n en su contra, como reprimenda a su labor a favor de personas v\u00edctimas de tortura, desaparici\u00f3n, detenci\u00f3n arbitraria y criminalizaci\u00f3n.<\/p>\n\n\n\n<p>El hecho repercuti\u00f3 en una mayor visibilidad internacional sobre el conflicto en Oaxaca y sobre la propia defensora, dado que intercedieron a favor de ella diversas instituciones como Amnist\u00eda Internacional, la Organizaci\u00f3n Mundial Contra la Tortura e incluso el Consejo de la Abogac\u00eda Europea, organizaci\u00f3n que agrupa a cerca de 700 mil profesionales del derecho.<\/p>\n\n\n\n<p>Desde Consorcio Oaxaca ha impulsado el trabajo en red con otras defensoras de derechos humanos, ejemplo de ello es la Iniciativa Mesoamericana de Defensoras de Derechos Humanos, la&nbsp; Red Nacional de Defensoras de Derechos Humanos, por mencionar algunas. Ha acompa\u00f1ado a mujeres defensoras de derechos humanos en sus luchas y a mujeres v\u00edctimas de violaciones a sus derechos.<\/p>\n\n\n\n<p>El premio franco-alem\u00e1n de Derechos Humanos \u201cGilberto Bosques\u201d fue creado en 2013 en e ilustra el sentido de la amistad franco-alemana: un compromiso conjunto en favor de la Paz y de los Derechos Humanos.<\/p>\n\n\n\n<p>Tiene la intenci\u00f3n de reconocer y estimular a aquellas personas, colectivos y organizaciones, que hayan destacado en la difusi\u00f3n y defensa de los Derechos Humanos, la Paz, la Solidaridad y la Justicia, valores que simboliz\u00f3 el notable servidor p\u00fablico mexicano Gilberto Bosques.<\/p>\n\n\n\n<p>Gilberto Bosques fue c\u00f3nsul general de M\u00e9xico en Francia de 1939 a 1944, puesto desde el cual ayud\u00f3 a perseguidos para huir de los reg\u00edmenes franquista y nazi, ofreci\u00e9ndoles la residencia y la nacionalidad mexicana.<\/p>\n\n\n\n<p>Su compromiso con los Derechos Humanos es para Francia y Alemania un recuerdo que se debe difundir y mantener vivo. En reconocimiento a su valiosa labor humanitaria, las embajadas de estos dos pa\u00edses europeos han decidido dar el nombre del diplom\u00e1tico mexicano al premio.<\/p>\n","protected":false},"excerpt":{"rendered":"<p>Redacci\u00f3n\/Zona Roja. Oaxaca de Ju\u00e1rez, Oax., 12 de diciembre de 2020.- Y\u00e9sica S\u00e1nchez Maya, integrante&hellip;<\/p>\n","protected":false},"author":2,"featured_media":17099,"comment_status":"closed","ping_status":"open","sticky":false,"template":"","format":"standard","meta":{"_lmt_disableupdate":"","_lmt_disable":"","_jetpack_memberships_contains_paid_content":false,"footnotes":""},"categories":[109,46],"tags":[1976],"class_list":["post-21160","post","type-post","status-publish","format-standard","has-post-thumbnail","hentry","category-minuto-a-minuto","category-zona-blanca","tag-yesica-sanchez-maya"],"jetpack_featured_media_url":"https:\/\/zonaroja.com.mx\/wp-content\/uploads\/2020\/09\/Yesica-Sanchez-Maya.png","jetpack_sharing_enabled":true,"_links":{"self":[{"href":"https:\/\/zonaroja.com.mx\/index.php?rest_route=\/wp\/v2\/posts\/21160","targetHints":{"allow":["GET"]}}],"collection":[{"href":"https:\/\/zonaroja.com.mx\/index.php?rest_route=\/wp\/v2\/posts"}],"about":[{"href":"https:\/\/zonaroja.com.mx\/index.php?rest_route=\/wp\/v2\/types\/post"}],"author":[{"embeddable":true,"href":"https:\/\/zonaroja.com.mx\/index.php?rest_route=\/wp\/v2\/users\/2"}],"replies":[{"embeddable":true,"href":"https:\/\/zonaroja.com.mx\/index.php?rest_route=%2Fwp%2Fv2%2Fcomments&post=21160"}],"version-history":[{"count":1,"href":"https:\/\/zonaroja.com.mx\/index.php?rest_route=\/wp\/v2\/posts\/21160\/revisions"}],"predecessor-version":[{"id":21161,"href":"https:\/\/zonaroja.com.mx\/index.php?rest_route=\/wp\/v2\/posts\/21160\/revisions\/21161"}],"wp:featuredmedia":[{"embeddable":true,"href":"https:\/\/zonaroja.com.mx\/index.php?rest_route=\/wp\/v2\/media\/17099"}],"wp:attachment":[{"href":"https:\/\/zonaroja.com.mx\/index.php?rest_route=%2Fwp%2Fv2%2Fmedia&parent=21160"}],"wp:term":[{"taxonomy":"category","embeddable":true,"href":"https:\/\/zonaroja.com.mx\/index.php?rest_route=%2Fwp%2Fv2%2Fcategories&post=21160"},{"taxonomy":"post_tag","embeddable":true,"href":"https:\/\/zonaroja.com.mx\/index.php?rest_route=%2Fwp%2Fv2%2Ftags&post=21160"}],"curies":[{"name":"wp","href":"https:\/\/api.w.org\/{rel}","templated":true}]}}