{"id":21164,"date":"2020-12-12T08:17:57","date_gmt":"2020-12-12T14:17:57","guid":{"rendered":"http:\/\/www.zonaroja.com.mx\/?p=21164"},"modified":"2020-12-12T08:18:00","modified_gmt":"2020-12-12T14:18:00","slug":"buscan-que-crimenes-contra-comunidad-lgbttiq-se-investiguen-con-perspectiva-de-genero","status":"publish","type":"post","link":"https:\/\/zonaroja.com.mx\/?p=21164","title":{"rendered":"Buscan que cr\u00edmenes contra comunidad LGBTTIQ se investiguen con perspectiva de g\u00e9nero"},"content":{"rendered":"\n<p>Redacci\u00f3n\/Zona Roja.<\/p>\n\n\n\n<p>Oaxaca de Ju\u00e1rez, Oax., 12 de diciembre 2020. La diputada Magaly L\u00f3pez Dom\u00ednguez propuso al Congreso de Oaxaca reformar el C\u00f3digo Penal del Estado, a fin visibilizar los cr\u00edmenes cometidos en contra de personas de la comunidad LGBTTIQ&nbsp; y \u00e9stos se&nbsp; investiguen de forma exhaustiva y libre de prejuicios.<\/p>\n\n\n\n<p>La legisladora por el Partido Morena propone adicionar al C\u00f3digo Penal el Art\u00edculo 292 Bis, que a la letra se\u00f1alar\u00eda&nbsp; que: se cometer\u00eda&nbsp; el delito de homicidio por razones de identidad de g\u00e9nero u orientaci\u00f3n sexual, quien prive de la vida a otra persona y se cumpla por los menos uno de los siguientes supuestos:<\/p>\n\n\n\n<p>Cuando la v\u00edctima presente signos de violencia sexual de cualquier tipo y se le hayan infligido heridas, escoriaciones, contusiones, fracturas, dislocaciones, quemaduras o mutilaciones o signos de asfixia, previos o posteriores a la privaci\u00f3n de la vida.<\/p>\n\n\n\n<p>Adem\u00e1s se considerar\u00eda&nbsp; homicidio por razones de identidad de g\u00e9nero u orientaci\u00f3n sexual, cuando existan datos que establezcan que se han cometido amenazas, acoso, violencia o lesiones del sujeto activo en contra de la v\u00edctima, aun cuando no haya denuncia, querella o cualquier otro tipo de registro y&nbsp; existan elementos de odio, homofobia, rechazo o discriminaci\u00f3n hacia la orientaci\u00f3n sexual o identidad de g\u00e9nero de la v\u00edctima.<\/p>\n\n\n\n<p>Otro de los preceptos por los que se considerar\u00eda este tipo de delito, es cuando el&nbsp; cuerpo de la v\u00edctima sea expuesto, depositado o arrojado en un lugar p\u00fablico, y se trate de una persona integrante de la comunidad LGBTTTIQ, activista o que forme parte de alg\u00fan colectivo, colectiva o cualquier organizaci\u00f3n de defensa de los derechos de identidad de g\u00e9nero u orientaci\u00f3n sexual o la v\u00edctima haya sido incomunicada, cualquiera que sea el tiempo previo a su fallecimiento.<\/p>\n\n\n\n<p>En la propuesta de reforma al Art\u00edculo 292 Bis,&nbsp; la diputada Magaly L\u00f3pez se\u00f1ala que se considera a la identidad de g\u00e9nero, c\u00f3mo la vivencia interna e individual del g\u00e9nero tal como cada persona la experimenta, la cual podr\u00eda corresponder o no con el sexo asignado al momento del nacimiento, incluyendo la vivencia personal del cuerpo.<\/p>\n\n\n\n<p>As\u00ed como otras expresiones de g\u00e9nero, como: la vestimenta, el modo de hablar y los modales, y podr\u00eda involucrar la modificaci\u00f3n de la apariencia o la funci\u00f3n corporal a trav\u00e9s de medios m\u00e9dicos, quir\u00fargicos o de otra \u00edndole, siempre que la misma sea libremente escogida.<\/p>\n\n\n\n<p>La propuesta de reforma fue turnada a la Comisi\u00f3n Permanente para su an\u00e1lisis y dictamen.<\/p>\n","protected":false},"excerpt":{"rendered":"<p>Redacci\u00f3n\/Zona Roja. Oaxaca de Ju\u00e1rez, Oax., 12 de diciembre 2020. La diputada Magaly L\u00f3pez Dom\u00ednguez&hellip;<\/p>\n","protected":false},"author":2,"featured_media":21165,"comment_status":"closed","ping_status":"open","sticky":false,"template":"","format":"standard","meta":{"_lmt_disableupdate":"","_lmt_disable":"","_jetpack_memberships_contains_paid_content":false,"footnotes":""},"categories":[109,46],"tags":[192],"class_list":["post-21164","post","type-post","status-publish","format-standard","has-post-thumbnail","hentry","category-minuto-a-minuto","category-zona-blanca","tag-diputada-magaly-lopez-dominguez"],"jetpack_featured_media_url":"https:\/\/zonaroja.com.mx\/wp-content\/uploads\/2020\/12\/Diputada-Magly-Lopez.jpg","jetpack_sharing_enabled":true,"_links":{"self":[{"href":"https:\/\/zonaroja.com.mx\/index.php?rest_route=\/wp\/v2\/posts\/21164","targetHints":{"allow":["GET"]}}],"collection":[{"href":"https:\/\/zonaroja.com.mx\/index.php?rest_route=\/wp\/v2\/posts"}],"about":[{"href":"https:\/\/zonaroja.com.mx\/index.php?rest_route=\/wp\/v2\/types\/post"}],"author":[{"embeddable":true,"href":"https:\/\/zonaroja.com.mx\/index.php?rest_route=\/wp\/v2\/users\/2"}],"replies":[{"embeddable":true,"href":"https:\/\/zonaroja.com.mx\/index.php?rest_route=%2Fwp%2Fv2%2Fcomments&post=21164"}],"version-history":[{"count":1,"href":"https:\/\/zonaroja.com.mx\/index.php?rest_route=\/wp\/v2\/posts\/21164\/revisions"}],"predecessor-version":[{"id":21166,"href":"https:\/\/zonaroja.com.mx\/index.php?rest_route=\/wp\/v2\/posts\/21164\/revisions\/21166"}],"wp:featuredmedia":[{"embeddable":true,"href":"https:\/\/zonaroja.com.mx\/index.php?rest_route=\/wp\/v2\/media\/21165"}],"wp:attachment":[{"href":"https:\/\/zonaroja.com.mx\/index.php?rest_route=%2Fwp%2Fv2%2Fmedia&parent=21164"}],"wp:term":[{"taxonomy":"category","embeddable":true,"href":"https:\/\/zonaroja.com.mx\/index.php?rest_route=%2Fwp%2Fv2%2Fcategories&post=21164"},{"taxonomy":"post_tag","embeddable":true,"href":"https:\/\/zonaroja.com.mx\/index.php?rest_route=%2Fwp%2Fv2%2Ftags&post=21164"}],"curies":[{"name":"wp","href":"https:\/\/api.w.org\/{rel}","templated":true}]}}