{"id":21167,"date":"2020-12-12T08:23:23","date_gmt":"2020-12-12T14:23:23","guid":{"rendered":"http:\/\/www.zonaroja.com.mx\/?p=21167"},"modified":"2020-12-12T08:23:27","modified_gmt":"2020-12-12T14:23:27","slug":"conjura-la-uabjo-emplazamiento-a-huelga-de-la-coalicion-del-stauo","status":"publish","type":"post","link":"https:\/\/zonaroja.com.mx\/?p=21167","title":{"rendered":"Conjura la UABJO emplazamiento a huelga de la Coalici\u00f3n del STAUO"},"content":{"rendered":"\n<p>Redacci\u00f3n\/Zona Roja.<\/p>\n\n\n\n<p>Oaxaca de Ju\u00e1rez, Oax., 12 de diciembre de 2020.- En la \u00faltima audiencia efectuada en la Junta Local de Conciliaci\u00f3n y Arbitraje (JLCA), en un clima de respeto y tras alcanzar acuerdos favorables, la coalici\u00f3n de integrantes del Sindicato de Trabajadores Acad\u00e9micos de la Universidad de Oaxaca (STAUO), determinaron conjurar la huelga que ten\u00eda emplazada a la instituci\u00f3n.<\/p>\n\n\n\n<p>Al t\u00e9rmino de esta pl\u00e1tica que sostuvo el \u00e1rea jur\u00eddica de la Universidad, representada por el abogado General, H\u00e9ctor L\u00f3pez S\u00e1nchez, con la Coalici\u00f3n, representada por Flavio Morales Cruz, se procedi\u00f3 a la firma del convenio correspondiente.<\/p>\n\n\n\n<p>Cabe mencionar que este documento establece un incremento salarial del 3.4 por ciento, mismo que es el autorizado por la Secretar\u00eda de Educaci\u00f3n P\u00fablica, y se fij\u00f3 con car\u00e1cter de retroactivo al 22 de febrero de 2020.<\/p>\n\n\n\n<p>Con relaci\u00f3n a la entrega de cuota sindicales del ejercicio 2019 y 2020, ambas partes convinieron que se proceder\u00e1 a realizar la revisi\u00f3n y determinaci\u00f3n correspondientes, con el prop\u00f3sito de programar la entrega, siempre y cuando las fracciones del STAUO, acuerden por mayor\u00eda realizarla de manera igualitaria y bajo los criterios establecidos en la minuta celebrada el 23 de febrero de 2017 ante la JLCA.<\/p>\n\n\n\n<figure class=\"wp-block-embed-twitter wp-block-embed is-type-rich is-provider-twitter\"><div class=\"wp-block-embed__wrapper\">\n<div class=\"twitter-tweet\"><blockquote class=\"twitter-tweet\" data-lang=\"es\"><p lang=\"es\" dir=\"ltr\">Aprecio la excelente disposici\u00f3n de la coalici\u00f3n de trabajadores acad\u00e9micos del <a href=\"https:\/\/twitter.com\/hashtag\/STAUO?src=hash&amp;ref_src=twsrc%5Etfw\">#STAUO<\/a> por conjurar la huelga a nuestra instituci\u00f3n, con el respeto a lo derechos de lo trabajadores que representa y la continuidad de las actividades esenciales \u2066<a href=\"https:\/\/twitter.com\/UABJO?ref_src=twsrc%5Etfw\">@UABJO<\/a>\u2069 <a href=\"https:\/\/twitter.com\/comunica_UABJO?ref_src=twsrc%5Etfw\">@comunica_UABJO<\/a>\u2069 <a href=\"https:\/\/t.co\/jpKhSysnnb\">pic.twitter.com\/jpKhSysnnb<\/a><\/p>&mdash; Eduardo Bautista (@Bautistaeduardo) <a href=\"https:\/\/twitter.com\/Bautistaeduardo\/status\/1337486033244581891?ref_src=twsrc%5Etfw\">11 de diciembre de 2020<\/a><\/blockquote><\/div>\n<\/div><\/figure>\n\n\n\n<p>Respecto al est\u00edmulo de antig\u00fcedad, se proceder\u00e1 en estricto apego a lo pactado en el Contrato Colectivo de Trabajo (CCT) y conforme a las fechas y modalidades que establezca para ello, la Direcci\u00f3n de Recursos Humanos.<\/p>\n\n\n\n<p>En lo que corresponde a la asignaci\u00f3n y regularizaci\u00f3n de cargas horarias, se proceder\u00e1 sin afectar al personal docente y conforme a los derechos laborales, con pleno respeto a lo estipulado en el CCT.<\/p>\n\n\n\n<p>Cabe destacar que el incremento autorizado, se realiza conforme a la pol\u00edtica salarial establecida por el Gobierno Federal.<\/p>\n\n\n\n<p>De esta forma, la instituci\u00f3n y la Coalici\u00f3n del sindicato emplazante, se comprometieron a hacer validos todos los puntos acordados y a continuar con la gesti\u00f3n conjunta.<\/p>\n","protected":false},"excerpt":{"rendered":"<p>Redacci\u00f3n\/Zona Roja. Oaxaca de Ju\u00e1rez, Oax., 12 de diciembre de 2020.- En la \u00faltima audiencia&hellip;<\/p>\n","protected":false},"author":2,"featured_media":21168,"comment_status":"closed","ping_status":"open","sticky":false,"template":"","format":"standard","meta":{"_lmt_disableupdate":"","_lmt_disable":"","_jetpack_memberships_contains_paid_content":false,"footnotes":""},"categories":[109,46],"tags":[360],"class_list":["post-21167","post","type-post","status-publish","format-standard","has-post-thumbnail","hentry","category-minuto-a-minuto","category-zona-blanca","tag-rector-eduardo-bautista-martinez"],"jetpack_featured_media_url":"https:\/\/zonaroja.com.mx\/wp-content\/uploads\/2020\/12\/Rector-Eduadro-Bautista-y-STAUO.jpg","jetpack_sharing_enabled":true,"_links":{"self":[{"href":"https:\/\/zonaroja.com.mx\/index.php?rest_route=\/wp\/v2\/posts\/21167","targetHints":{"allow":["GET"]}}],"collection":[{"href":"https:\/\/zonaroja.com.mx\/index.php?rest_route=\/wp\/v2\/posts"}],"about":[{"href":"https:\/\/zonaroja.com.mx\/index.php?rest_route=\/wp\/v2\/types\/post"}],"author":[{"embeddable":true,"href":"https:\/\/zonaroja.com.mx\/index.php?rest_route=\/wp\/v2\/users\/2"}],"replies":[{"embeddable":true,"href":"https:\/\/zonaroja.com.mx\/index.php?rest_route=%2Fwp%2Fv2%2Fcomments&post=21167"}],"version-history":[{"count":1,"href":"https:\/\/zonaroja.com.mx\/index.php?rest_route=\/wp\/v2\/posts\/21167\/revisions"}],"predecessor-version":[{"id":21169,"href":"https:\/\/zonaroja.com.mx\/index.php?rest_route=\/wp\/v2\/posts\/21167\/revisions\/21169"}],"wp:featuredmedia":[{"embeddable":true,"href":"https:\/\/zonaroja.com.mx\/index.php?rest_route=\/wp\/v2\/media\/21168"}],"wp:attachment":[{"href":"https:\/\/zonaroja.com.mx\/index.php?rest_route=%2Fwp%2Fv2%2Fmedia&parent=21167"}],"wp:term":[{"taxonomy":"category","embeddable":true,"href":"https:\/\/zonaroja.com.mx\/index.php?rest_route=%2Fwp%2Fv2%2Fcategories&post=21167"},{"taxonomy":"post_tag","embeddable":true,"href":"https:\/\/zonaroja.com.mx\/index.php?rest_route=%2Fwp%2Fv2%2Ftags&post=21167"}],"curies":[{"name":"wp","href":"https:\/\/api.w.org\/{rel}","templated":true}]}}