{"id":21174,"date":"2020-12-12T15:37:22","date_gmt":"2020-12-12T21:37:22","guid":{"rendered":"http:\/\/www.zonaroja.com.mx\/?p=21174"},"modified":"2020-12-12T15:37:26","modified_gmt":"2020-12-12T21:37:26","slug":"confirma-el-congreso-desaparicion-de-poderes-en-san-baltazar-loxicha","status":"publish","type":"post","link":"https:\/\/zonaroja.com.mx\/?p=21174","title":{"rendered":"Confirma el Congreso desaparici\u00f3n de poderes en San Baltazar Loxicha"},"content":{"rendered":"\n<p>Evlin Arag\u00f3n\/Zona Roja.<\/p>\n\n\n\n<p>Oaxaca de Ju\u00e1rez, Oax., 12 de diciembre de 2020.- Tras una serie de irregularidades al interior del ayuntamiento, as\u00ed como la violencia que se desat\u00f3 en la zona debido al conflicto poselectoral, que incluye un asesinato, el Congreso de Oaxaca aprob\u00f3 con 32 votos a favor la desaparici\u00f3n de poderes en el municipio de San Baltazar Loxicha, perteneciente a la regi\u00f3n de la Costa.&nbsp;<\/p>\n\n\n\n<p>Lo anterior con las facultades que le otorga el art\u00edculo 83 de la Ley Org\u00e1nica Municipal del Estado de Oaxaca y ante la insistencia de la poblaci\u00f3n de la localidad, que han emprendido una batalla ante los tribunales para que se reconozca a sus autoridades electas en Asamblea.&nbsp;<\/p>\n\n\n\n<p>Las y los integrantes de la 64 Legislatura declararon v\u00e1lidas las renuncias presentadas por Aten\u00f3genes Jim\u00e9nez Mart\u00ednez, Inocencio Bautista Garc\u00eda, Antelmo G\u00f3mez Ruiz, Aureliano Jim\u00e9nez G\u00f3mez, V\u00edctor Bautista G\u00f3mez, Mar\u00eda Esther Bautista Garc\u00eda, en su car\u00e1cter de concejales propietarios.<\/p>\n\n\n\n<p>As\u00ed mismo Patricio Velasco G\u00f3mez, Ricardo Agust\u00edn Garc\u00eda Olivera, Julio Jim\u00e9nez G\u00f3mez, Macedonio Garc\u00eda Alem\u00e1n, Oswaldo Canseco Ruiz y Refugia Garc\u00eda Ruiz, en su car\u00e1cter de concejales suplentes del municipio, con lo que se confirma la desaparici\u00f3n de poderes.&nbsp;<\/p>\n\n\n\n<p>\u201c\u2026declara la desaparici\u00f3n del ayuntamiento del Municipio de San Baltazar Loxicha, Pochutla, Oaxaca, del periodo 1 de enero de 2020 al 31 de diciembre de 2022; ante la falta absoluta de los integrantes del Honorable Ayuntamiento de San Baltazar Loxicha, Pochutla, Oaxaca\u201d, refiere el dictamen con Proyecto de Acuerdo.<\/p>\n\n\n\n<p>Fue en enero de este 2020 que decenas de habitantes del municipio se manifestaron este viernes a las afueras de las instalaciones del Tribunal Estatal Electoral de Oaxaca (TEEO) para exigir el reconocimiento de sus autoridades electas el 6 de octubre del 2019, encabezadas por Gerardo Alvarado Garc\u00eda.<\/p>\n\n\n\n<p>Con pancartas en mano acusaron de corruptos a los consejeros del Instituto Estatal Electoral y de Participaci\u00f3n Ciudadana (IEEPCO), as\u00ed como exigieron que Abraham L\u00f3pez, militante del PRI y conocido por generar violencia en la Sierra Sur, saque las manos del municipio, mientras que al gobierno de Oaxaca le pidieron que intervenga para hacer valer la voz del pueblo.<\/p>\n\n\n\n<p>En junio, la Sala Regional Xalapa del Tribunal Electoral del Poder Judicial de la Federaci\u00f3n (TEPJF) confirm\u00f3 la validez de las elecciones de concejales celebradas en los municipios de San Baltazar Loxicha, tras la batalla legal emprendida por la poblaci\u00f3n.&nbsp;<\/p>\n\n\n\n<p>Lo anterior no resolvi\u00f3 el conflicto poselectoral y por el contrario desat\u00f3 la violencia en la zona, dejando como saldo al activista Rodolfo D\u00edaz Jim\u00e9nez quien&nbsp; fue asesinado el 2 de noviembre durante una emboscada en el paraje denominado Virolanga y R\u00edo Jord\u00e1n, perteneciente al municipio de San Baltazar Loxicha.<\/p>\n\n\n\n<p>Por lo anterior la poblaci\u00f3n se traslad\u00f3 a la capital del estado para exigir la intervenci\u00f3n del gobierno de Oaxaca y la C\u00e1mara de Diputados, a fin de que ratificaran definitivamente la renuncia de Aten\u00f3genes Jim\u00e9nez Mart\u00ednez y su Cabildo, y autorizaran la instalaci\u00f3n de un Consejo Municipal, que pueda de fin a la problem\u00e1tica existente.&nbsp;<\/p>\n","protected":false},"excerpt":{"rendered":"<p>Evlin Arag\u00f3n\/Zona Roja. Oaxaca de Ju\u00e1rez, Oax., 12 de diciembre de 2020.- Tras una serie&hellip;<\/p>\n","protected":false},"author":2,"featured_media":19719,"comment_status":"closed","ping_status":"open","sticky":false,"template":"","format":"standard","meta":{"_lmt_disableupdate":"","_lmt_disable":"","_jetpack_memberships_contains_paid_content":false,"footnotes":""},"categories":[109,47],"tags":[1227],"class_list":["post-21174","post","type-post","status-publish","format-standard","has-post-thumbnail","hentry","category-minuto-a-minuto","category-zona-gris","tag-san-baltazar-loxicha"],"jetpack_featured_media_url":"https:\/\/zonaroja.com.mx\/wp-content\/uploads\/2020\/11\/San-Baltazar-Loxicha.png","jetpack_sharing_enabled":true,"_links":{"self":[{"href":"https:\/\/zonaroja.com.mx\/index.php?rest_route=\/wp\/v2\/posts\/21174","targetHints":{"allow":["GET"]}}],"collection":[{"href":"https:\/\/zonaroja.com.mx\/index.php?rest_route=\/wp\/v2\/posts"}],"about":[{"href":"https:\/\/zonaroja.com.mx\/index.php?rest_route=\/wp\/v2\/types\/post"}],"author":[{"embeddable":true,"href":"https:\/\/zonaroja.com.mx\/index.php?rest_route=\/wp\/v2\/users\/2"}],"replies":[{"embeddable":true,"href":"https:\/\/zonaroja.com.mx\/index.php?rest_route=%2Fwp%2Fv2%2Fcomments&post=21174"}],"version-history":[{"count":1,"href":"https:\/\/zonaroja.com.mx\/index.php?rest_route=\/wp\/v2\/posts\/21174\/revisions"}],"predecessor-version":[{"id":21175,"href":"https:\/\/zonaroja.com.mx\/index.php?rest_route=\/wp\/v2\/posts\/21174\/revisions\/21175"}],"wp:featuredmedia":[{"embeddable":true,"href":"https:\/\/zonaroja.com.mx\/index.php?rest_route=\/wp\/v2\/media\/19719"}],"wp:attachment":[{"href":"https:\/\/zonaroja.com.mx\/index.php?rest_route=%2Fwp%2Fv2%2Fmedia&parent=21174"}],"wp:term":[{"taxonomy":"category","embeddable":true,"href":"https:\/\/zonaroja.com.mx\/index.php?rest_route=%2Fwp%2Fv2%2Fcategories&post=21174"},{"taxonomy":"post_tag","embeddable":true,"href":"https:\/\/zonaroja.com.mx\/index.php?rest_route=%2Fwp%2Fv2%2Ftags&post=21174"}],"curies":[{"name":"wp","href":"https:\/\/api.w.org\/{rel}","templated":true}]}}