{"id":21179,"date":"2020-12-12T18:45:33","date_gmt":"2020-12-13T00:45:33","guid":{"rendered":"http:\/\/www.zonaroja.com.mx\/?p=21179"},"modified":"2020-12-12T18:45:40","modified_gmt":"2020-12-13T00:45:40","slug":"exponer-el-caso-maria-del-sol-en-la-mananera-hizo-magia-soledad-jarquin","status":"publish","type":"post","link":"https:\/\/zonaroja.com.mx\/?p=21179","title":{"rendered":"\u201cExponer el caso Mar\u00eda del Sol en la ma\u00f1anera hizo magia\u201d: Soledad Jarqu\u00edn"},"content":{"rendered":"\n<p>Evlin Arag\u00f3n\/Zona Roja.<\/p>\n\n\n\n<p>Oaxaca de Ju\u00e1rez, Oax., 12 de diciembre de 2020.- \u201cTuvimos que tocar otras puertas para que medio se empezaran a mover las cosas. A ra\u00edz de que hace quince d\u00edas -un poco m\u00e1s- yo estuve hablando en la ma\u00f1anera con el presidente, de pronto m\u00e1gicamente empiezan a salir con que ahora si ya tenemos audiencias\u201d.<\/p>\n\n\n\n<p>Son las palabras de la periodista Soledad Jaqu\u00edn Edgar, quien particip\u00f3 en una charla organizada por portal \u201cP\u00e1gina 3\u201d, y en donde manifest\u00f3 que s\u00f3lo despu\u00e9s de haber evidenciado a nivel nacional las deficiencias, corrupci\u00f3n e impunidad por parte de las autoridades de procuraci\u00f3n de justicia de Oaxaca alrededor del caso de su hija Mar\u00eda del Sol, es que se han movido para dar atenci\u00f3n.<\/p>\n\n\n\n<p>Lo anterior 30 meses despu\u00e9s de que la fotorreportera fuera asesinada en Juchit\u00e1n de Zaragoza, tras ser obligada a dar cobertura a una campa\u00f1a electoral por mandato del entonces titular de la Secretaria de Asuntos Ind\u00edgenas Francisco Montero L\u00f3pez.<\/p>\n\n\n\n<p>Tal impacto tuvo su discurso ante el presidente y su posterior reuni\u00f3n con la secretaria de Gobernaci\u00f3n, Olga S\u00e1nchez Cordero, que este lunes por fin se ha programado, nuevamente, la audiencia intermedia que ha sido pospuesta en varias ocasiones por la Fiscal\u00eda General de Oaxaca, a cargo de Rub\u00e9n Vasconcelos M\u00e9ndez, quien ha dejado mucho que desear en la atenci\u00f3n al caso, que incluso ha minimizado a nivel local.&nbsp;&nbsp;<\/p>\n\n\n\n<p>As\u00ed mismo, el 18 de diciembre la periodista ha sido citada a la ciudad de Juchit\u00e1n para asistir a la audiencia de control por el delito de robo de pertenencias de Mar\u00eda del Sol, mismas que fueron sacadas de la habitaci\u00f3n de la joven posterior a su asesinato, sin la autorizaci\u00f3n de la familia.<\/p>\n\n\n\n<p>Aunque se trata de un avance importante, debido a las amenazas de muerte que pesan sobre la periodista oaxaque\u00f1a, solicitar\u00e1 que dicha audiencia se traiga a la ciudad de Oaxaca, como sucedi\u00f3 con el proceso penal por asesinato de su hija.<\/p>\n\n\n\n<p>\u201cDos a\u00f1os y medio despu\u00e9s de los hechos vamos a la primera audiencia de control, eso es simplemente incre\u00edble porque sab\u00edan qui\u00e9n se llev\u00f3 las cosas y nunca lo requirieron las autoridades, por el contrario, permaneci\u00f3 como funcionario en la Secretar\u00eda de Asuntos Ind\u00edgenas hasta diciembre del 2018. Estas son de las cosas que una no puedo creer que sucedan en Oaxaca\u201d, refiri\u00f3.<\/p>\n\n\n\n<figure class=\"wp-block-embed-twitter wp-block-embed is-type-rich is-provider-twitter\"><div class=\"wp-block-embed__wrapper\">\n<div class=\"twitter-tweet\"><blockquote class=\"twitter-tweet\" data-lang=\"es\"><p lang=\"es\" dir=\"ltr\">El portal <a href=\"https:\/\/twitter.com\/portalpagina3?ref_src=twsrc%5Etfw\">@portalpagina3<\/a>, que dirige <a href=\"https:\/\/twitter.com\/Pau_Rios_?ref_src=twsrc%5Etfw\">@Pau_Rios_<\/a>, realiz\u00f3 hoy una charla sobre casos de impunidad en <a href=\"https:\/\/twitter.com\/hashtag\/Oaxaca?src=hash&amp;ref_src=twsrc%5Etfw\">#Oaxaca<\/a>. <br>Uno de ellos, el de Mar\u00eda del Sol, cuya madre <a href=\"https:\/\/twitter.com\/jarquinedgar?ref_src=twsrc%5Etfw\">@jarquinedgar<\/a> revel\u00f3 que s\u00f3lo con presiones ante <a href=\"https:\/\/twitter.com\/lopezobrador_?ref_src=twsrc%5Etfw\">@lopezobrador_<\/a> avanza a medias el caso. <br><br>Aqu\u00ed:\ud83d\udc47<a href=\"https:\/\/t.co\/cgNsoyDpWU\">https:\/\/t.co\/cgNsoyDpWU<\/a> <a href=\"https:\/\/t.co\/fYfHuw1FIK\">pic.twitter.com\/fYfHuw1FIK<\/a><\/p>&mdash; Zona Roja Oaxaca (@MexRoja) <a href=\"https:\/\/twitter.com\/MexRoja\/status\/1337594045460324357?ref_src=twsrc%5Etfw\">12 de diciembre de 2020<\/a><\/blockquote><\/div>\n<\/div><\/figure>\n\n\n\n<p>El asesinato y robo de pertenencias no son los \u00fanicos delitos que se configuraron y por los que existen carpetas de investigaci\u00f3n, tambi\u00e9n fueron denunciados delitos electorales que la fiscal Araceli Pinelo L\u00f3pez no ha querido atender, por el contrario, le ha cerrado las puertas a la familia que contribuy\u00f3 en la mayor parte del proceso para la integraci\u00f3n del expediente.<\/p>\n\n\n\n<p>Pese a que la carpeta se judicializ\u00f3 en diciembre del 2019, no hay avances. Hasta este momento nadie sabe nada sobre esa carpeta, a un a\u00f1o de ser judicializada. \u201cAh\u00ed se puede ver el nivel de impunidad\u201d.<\/p>\n\n\n\n<p>Jarqu\u00edn Edgar detall\u00f3 que despu\u00e9s de 30 meses de estar tocando puertas, el Tribunal Judicial Administrativo, tras la investigaci\u00f3n que hizo la Contralor\u00eda sobre actos de corrupci\u00f3n, ha sido reconocida como v\u00edctima indirecta por lo que ahora si forma parte la investigaci\u00f3n al respecto.&nbsp;<\/p>\n\n\n\n<p>\u201cDe haber sabido que era yendo a la ma\u00f1anera y que el presidente volteara y me viera y girara instrucciones para que me viera do\u00f1a Olga S\u00e1nchez Cordero y la Conavim lo hubiera hecho desde el primer momento. Pero yo pens\u00e9 que en Oaxaca en alg\u00fan momento iba a tener acceso al derecho a la justicia, que hasta el momento se nos ha negado\u201d.<\/p>\n\n\n\n<p>El pr\u00f3ximo 16 de diciembre el fiscal de Oaxaca, Rub\u00e9n Vasconcelos M\u00e9ndez, ha sido citado por el Congreso local para comparecer sobre el caso, ah\u00ed estar\u00e1 la reconocida periodista que, en 10 minutos, expondr\u00e1 de frente al funcionario, los niveles de impunidad y corrupci\u00f3n que se han registrado en la instancia que encabeza y que a\u00fan le debe la justicia a Mar\u00eda del Sol y su familia.<\/p>\n\n\n\n<p>En la charla que se efectu\u00f3 ayer por la tarde, denominada \u201cAgresiones a periodistas, una censura a la sociedad\u201d, participaron tambi\u00e9n la directora del portal P\u00e1gina 3, Paulina R\u00edos; el periodista Pedro Mat\u00edas Arrazola, el abogado Geovany V\u00e1squez Sagrero, el defensor de Derechos Humanos Bernardo Rodr\u00edguez Alamilla y el moderador Gerardo Pineda.<\/p>\n\n\n\n<figure class=\"wp-block-embed-twitter wp-block-embed is-type-rich is-provider-twitter\"><div class=\"wp-block-embed__wrapper\">\n<div class=\"twitter-tweet\"><blockquote class=\"twitter-tweet\" data-lang=\"es\"><p lang=\"es\" dir=\"ltr\">\u00bfCu\u00e1les son los riesgos que enfrentan lxs periodistas en el ejercicio de su profesi\u00f3n?  Viernes 11 de diciembre, 19:00hrs. Conversatorio &quot;Agresiones a periodistas, una censura a la sociedad&quot;, donde revisaremos los casos de Marcos Hern\u00e1ndez y Mar\u00eda del Sol Cruz <a href=\"https:\/\/twitter.com\/hashtag\/Impunidad?src=hash&amp;ref_src=twsrc%5Etfw\">#Impunidad<\/a> <a href=\"https:\/\/t.co\/4GURKDIetS\">pic.twitter.com\/4GURKDIetS<\/a><\/p>&mdash; P\u00e1gina3 Oaxaca (@portalpagina3) <a href=\"https:\/\/twitter.com\/portalpagina3\/status\/1336684097222156288?ref_src=twsrc%5Etfw\">9 de diciembre de 2020<\/a><\/blockquote><\/div>\n<\/div><\/figure>\n","protected":false},"excerpt":{"rendered":"<p>Evlin Arag\u00f3n\/Zona Roja. Oaxaca de Ju\u00e1rez, Oax., 12 de diciembre de 2020.- \u201cTuvimos que tocar&hellip;<\/p>\n","protected":false},"author":2,"featured_media":21180,"comment_status":"closed","ping_status":"open","sticky":false,"template":"","format":"standard","meta":{"_lmt_disableupdate":"","_lmt_disable":"","_jetpack_memberships_contains_paid_content":false,"footnotes":""},"categories":[109,47],"tags":[1105],"class_list":["post-21179","post","type-post","status-publish","format-standard","has-post-thumbnail","hentry","category-minuto-a-minuto","category-zona-gris","tag-soledad-jarquin-edgar"],"jetpack_featured_media_url":"https:\/\/zonaroja.com.mx\/wp-content\/uploads\/2020\/12\/Conversatorio-Pagina-3.jpg","jetpack_sharing_enabled":true,"_links":{"self":[{"href":"https:\/\/zonaroja.com.mx\/index.php?rest_route=\/wp\/v2\/posts\/21179","targetHints":{"allow":["GET"]}}],"collection":[{"href":"https:\/\/zonaroja.com.mx\/index.php?rest_route=\/wp\/v2\/posts"}],"about":[{"href":"https:\/\/zonaroja.com.mx\/index.php?rest_route=\/wp\/v2\/types\/post"}],"author":[{"embeddable":true,"href":"https:\/\/zonaroja.com.mx\/index.php?rest_route=\/wp\/v2\/users\/2"}],"replies":[{"embeddable":true,"href":"https:\/\/zonaroja.com.mx\/index.php?rest_route=%2Fwp%2Fv2%2Fcomments&post=21179"}],"version-history":[{"count":1,"href":"https:\/\/zonaroja.com.mx\/index.php?rest_route=\/wp\/v2\/posts\/21179\/revisions"}],"predecessor-version":[{"id":21181,"href":"https:\/\/zonaroja.com.mx\/index.php?rest_route=\/wp\/v2\/posts\/21179\/revisions\/21181"}],"wp:featuredmedia":[{"embeddable":true,"href":"https:\/\/zonaroja.com.mx\/index.php?rest_route=\/wp\/v2\/media\/21180"}],"wp:attachment":[{"href":"https:\/\/zonaroja.com.mx\/index.php?rest_route=%2Fwp%2Fv2%2Fmedia&parent=21179"}],"wp:term":[{"taxonomy":"category","embeddable":true,"href":"https:\/\/zonaroja.com.mx\/index.php?rest_route=%2Fwp%2Fv2%2Fcategories&post=21179"},{"taxonomy":"post_tag","embeddable":true,"href":"https:\/\/zonaroja.com.mx\/index.php?rest_route=%2Fwp%2Fv2%2Ftags&post=21179"}],"curies":[{"name":"wp","href":"https:\/\/api.w.org\/{rel}","templated":true}]}}