{"id":21185,"date":"2020-12-12T19:18:22","date_gmt":"2020-12-13T01:18:22","guid":{"rendered":"http:\/\/www.zonaroja.com.mx\/?p=21185"},"modified":"2020-12-12T19:18:26","modified_gmt":"2020-12-13T01:18:26","slug":"organismos-civiles-piden-intervencion-de-onu-y-cndh-por-violencia-en-zona-triqui","status":"publish","type":"post","link":"https:\/\/zonaroja.com.mx\/?p=21185","title":{"rendered":"Organismos civiles piden intervenci\u00f3n de ONU y CNDH por violencia en zona triqui"},"content":{"rendered":"\n<p>Yuridiana Sosa\/Zona Roja.<\/p>\n\n\n\n<p>Oaxaca de Ju\u00e1rez, Oax., 12 de diciembre de 2020.- Ante el ataque armado contra ind\u00edgenas triquis en Santiago Juxtlahuaca, con un saldo de cinco personas asesinadas, la Asociaci\u00f3n C\u00edvica Mexicanos Unidos demand\u00f3 la intervenci\u00f3n de organismos de derechos humanos, de todos los niveles, para que visiten la zona y emitan las medidas necesarias para garantizar la vida y la seguridad de la comunidad triqui.<\/p>\n\n\n\n<p>A trav\u00e9s de un comunicado, la organizaci\u00f3n tambi\u00e9n denunci\u00f3 que las autoridades de gobiernos y de procuraci\u00f3n de justicia en Oaxaca no efect\u00faan los trabajos correspondientes para abatir la violencia en la regi\u00f3n.<\/p>\n\n\n\n<p>En su escrito, demand\u00f3 la mediaci\u00f3n de la Oficina del Alto Comisionado para los Derechos Humanos de la ONU; la Comisi\u00f3n Interamericana de Derechos Humanos y la Comisi\u00f3n Nacional De Derechos Humanos, entre otros.<\/p>\n\n\n\n<p>\u201cPor este medio denunciamos el creciente ambiente de violencia en la zona triqui de Oaxaca, donde los gobiernos locales, estatal y federal, lejos de procurar condiciones que permitan resolver los conflictos que por a\u00f1os han asolado a las comunidades y promover un ambiente de sana y fraterna convivencia, han hecho justo lo contrario\u201d, cit\u00f3 Mexicanos Unidos.<\/p>\n\n\n\n<p>Hechos como el registrado el 9 de diciembre, y del que no se ha emitido informaci\u00f3n sobre la detenci\u00f3n de personas, s\u00f3lo alientan a la impunidad de los asesinos y motiva el incremento de la violencia, refirieron los defensores de derechos humanos.<\/p>\n\n\n\n<p>Por eso consideran fundamental la presencia de las autoridades en las zonas afectadas para que definan acciones que permitan evaluar la aplicaci\u00f3n de sanciones a los funcionarios e instituciones omisas.<\/p>\n\n\n\n<p>El pasado mi\u00e9rcoles, mujeres, ni\u00f1os y hombres, afines al Movimiento de Unificaci\u00f3n y Lucha Triqui (MULT), fueron v\u00edctimas de una emboscada en el paraje \u201cBarranca Amarga\u201d de la comunidad de Rastrojo Copala de Santiago Juxtlahuaca.<\/p>\n\n\n\n<p>Las v\u00edctimas mortales fueron cuatro mujeres y un hombre, as\u00ed como tres menores edad resultaron heridos, dos ni\u00f1as y un var\u00f3n.<\/p>\n\n\n\n<p>INICIAR\u00c1N ACCIONES<\/p>\n\n\n\n<p>Por su parte, el MULT emiti\u00f3 este fin de semana un comunicado en llam\u00f3 a sus militantes a una consulta para analizar, reflexionar y decidir la posici\u00f3n pol\u00edtica del Ej\u00e9rcito Zapatista de Liberaci\u00f3n Nacional sobre la autodeterminaci\u00f3n de los pueblos.<\/p>\n\n\n\n<p>As\u00ed como el \u00e9xodo de todas las familias del MULT de la naci\u00f3n triqui hacia la Ciudad de M\u00e9xico con fusiles de madera y banderas blancas en una sola columna. Solicitar el espacio de difusi\u00f3n de car\u00e1cter permanente en todas las radiodifusoras del estado con plant\u00f3n masivo, adem\u00e1s de la \u201ctoma\u201d de todos los edificios p\u00fablicos en Oaxaca.<\/p>\n","protected":false},"excerpt":{"rendered":"<p>Yuridiana Sosa\/Zona Roja. Oaxaca de Ju\u00e1rez, Oax., 12 de diciembre de 2020.- Ante el ataque&hellip;<\/p>\n","protected":false},"author":2,"featured_media":5844,"comment_status":"closed","ping_status":"open","sticky":false,"template":"","format":"standard","meta":{"_lmt_disableupdate":"","_lmt_disable":"","_jetpack_memberships_contains_paid_content":false,"footnotes":""},"categories":[109,47],"tags":[732],"class_list":["post-21185","post","type-post","status-publish","format-standard","has-post-thumbnail","hentry","category-minuto-a-minuto","category-zona-gris","tag-movimiento-de-unificacion-y-lucha-triqui"],"jetpack_featured_media_url":"https:\/\/zonaroja.com.mx\/wp-content\/uploads\/2019\/11\/Triquis.jpg","jetpack_sharing_enabled":true,"_links":{"self":[{"href":"https:\/\/zonaroja.com.mx\/index.php?rest_route=\/wp\/v2\/posts\/21185","targetHints":{"allow":["GET"]}}],"collection":[{"href":"https:\/\/zonaroja.com.mx\/index.php?rest_route=\/wp\/v2\/posts"}],"about":[{"href":"https:\/\/zonaroja.com.mx\/index.php?rest_route=\/wp\/v2\/types\/post"}],"author":[{"embeddable":true,"href":"https:\/\/zonaroja.com.mx\/index.php?rest_route=\/wp\/v2\/users\/2"}],"replies":[{"embeddable":true,"href":"https:\/\/zonaroja.com.mx\/index.php?rest_route=%2Fwp%2Fv2%2Fcomments&post=21185"}],"version-history":[{"count":1,"href":"https:\/\/zonaroja.com.mx\/index.php?rest_route=\/wp\/v2\/posts\/21185\/revisions"}],"predecessor-version":[{"id":21186,"href":"https:\/\/zonaroja.com.mx\/index.php?rest_route=\/wp\/v2\/posts\/21185\/revisions\/21186"}],"wp:featuredmedia":[{"embeddable":true,"href":"https:\/\/zonaroja.com.mx\/index.php?rest_route=\/wp\/v2\/media\/5844"}],"wp:attachment":[{"href":"https:\/\/zonaroja.com.mx\/index.php?rest_route=%2Fwp%2Fv2%2Fmedia&parent=21185"}],"wp:term":[{"taxonomy":"category","embeddable":true,"href":"https:\/\/zonaroja.com.mx\/index.php?rest_route=%2Fwp%2Fv2%2Fcategories&post=21185"},{"taxonomy":"post_tag","embeddable":true,"href":"https:\/\/zonaroja.com.mx\/index.php?rest_route=%2Fwp%2Fv2%2Ftags&post=21185"}],"curies":[{"name":"wp","href":"https:\/\/api.w.org\/{rel}","templated":true}]}}