{"id":21187,"date":"2020-12-12T19:42:59","date_gmt":"2020-12-13T01:42:59","guid":{"rendered":"http:\/\/www.zonaroja.com.mx\/?p=21187"},"modified":"2020-12-12T19:43:07","modified_gmt":"2020-12-13T01:43:07","slug":"protestan-policias-de-juchitan-por-ola-de-asaltos-y-crimenes","status":"publish","type":"post","link":"https:\/\/zonaroja.com.mx\/?p=21187","title":{"rendered":"Protestan polic\u00edas de Juchit\u00e1n\u2026 por ola de asaltos y cr\u00edmenes"},"content":{"rendered":"\n<p>Redacci\u00f3n\/Zona Roja.<\/p>\n\n\n\n<p>Oaxaca de Ju\u00e1rez, 12 de diciembre de 2020.- Tras la muerte de uno de sus compa\u00f1eros al enfrentar a presuntos delincuentes, elementos de la polic\u00eda municipal de Juchit\u00e1n de Zaragoza protestan esta noche con pancartas en el crucero principal de dicha ciudad de la regi\u00f3n del Istmo.<\/p>\n\n\n\n<p>Lo anterior, para denunciar la ola de asaltos, robos y asesinatos, as\u00ed como para exigir a las empresas que han sufrido embates de la delincuencia, que presenten las denuncias correspondientes.<\/p>\n\n\n\n<p>En las pancartas, se\u00f1alan que tiendas como Oxxo, \u201cNeto\u201d y Farmacias del Ahorro, han registrado constantes robos; sin embargo, no procuran su propia seguridad y s\u00f3lo se limitan a denunciar el hecho pero para exigir el reembolso de lo robado.<\/p>\n\n\n\n<p>\u201cNo nos dejen solos, denuncien\u201d, cita una de las cartulinas con las cuales se manifiestan los uniformados.<\/p>\n\n\n\n<p>En tanto, la ma\u00f1ana de este s\u00e1bado en el cuartel de la comisar\u00eda municipal, las autoridades de Juchit\u00e1n rindieron un homenaje de cuerpo presente a \u00c1ngel Regalado L\u00f3pez, polic\u00eda abatido a balazos ayer durante una persecuci\u00f3n de presuntos asaltantes.<\/p>\n\n\n\n<p>HAY DETENIDOS<\/p>\n\n\n\n<p>Por su parte, la Secretar\u00eda de Seguridad P\u00fablica de Oaxaca inform\u00f3 que tras los hechos de este viernes, se implement\u00f3 un operativo conjunto el mismo d\u00eda, que concluy\u00f3 con la detenci\u00f3n de cinco personas, por probables delitos cometidos a establecimientos comerciales Farmacias del Ahorro, Oxxo y \u00abS\u00faper Neto\u00bb.<\/p>\n\n\n\n<p>Se trata de Gabriel \u00abNN\u00bb, Luz \u00abNN\u00bb, Reyna \u00abNN\u00bb, Xunashi \u00abNN\u00bb y Ricardo \u00abNN\u00bb, mismos que fueron puestos disposici\u00f3n de las autoridades pertinentes para los efectos legales correspondientes.<\/p>\n","protected":false},"excerpt":{"rendered":"<p>Redacci\u00f3n\/Zona Roja. Oaxaca de Ju\u00e1rez, 12 de diciembre de 2020.- Tras la muerte de uno&hellip;<\/p>\n","protected":false},"author":2,"featured_media":21188,"comment_status":"closed","ping_status":"open","sticky":false,"template":"","format":"standard","meta":{"_lmt_disableupdate":"","_lmt_disable":"","_jetpack_memberships_contains_paid_content":false,"footnotes":""},"categories":[109,47],"tags":[123],"class_list":["post-21187","post","type-post","status-publish","format-standard","has-post-thumbnail","hentry","category-minuto-a-minuto","category-zona-gris","tag-juchitan-de-zaragoza"],"jetpack_featured_media_url":"https:\/\/zonaroja.com.mx\/wp-content\/uploads\/2020\/12\/Policias-Juchitan.jpg","jetpack_sharing_enabled":true,"_links":{"self":[{"href":"https:\/\/zonaroja.com.mx\/index.php?rest_route=\/wp\/v2\/posts\/21187","targetHints":{"allow":["GET"]}}],"collection":[{"href":"https:\/\/zonaroja.com.mx\/index.php?rest_route=\/wp\/v2\/posts"}],"about":[{"href":"https:\/\/zonaroja.com.mx\/index.php?rest_route=\/wp\/v2\/types\/post"}],"author":[{"embeddable":true,"href":"https:\/\/zonaroja.com.mx\/index.php?rest_route=\/wp\/v2\/users\/2"}],"replies":[{"embeddable":true,"href":"https:\/\/zonaroja.com.mx\/index.php?rest_route=%2Fwp%2Fv2%2Fcomments&post=21187"}],"version-history":[{"count":1,"href":"https:\/\/zonaroja.com.mx\/index.php?rest_route=\/wp\/v2\/posts\/21187\/revisions"}],"predecessor-version":[{"id":21189,"href":"https:\/\/zonaroja.com.mx\/index.php?rest_route=\/wp\/v2\/posts\/21187\/revisions\/21189"}],"wp:featuredmedia":[{"embeddable":true,"href":"https:\/\/zonaroja.com.mx\/index.php?rest_route=\/wp\/v2\/media\/21188"}],"wp:attachment":[{"href":"https:\/\/zonaroja.com.mx\/index.php?rest_route=%2Fwp%2Fv2%2Fmedia&parent=21187"}],"wp:term":[{"taxonomy":"category","embeddable":true,"href":"https:\/\/zonaroja.com.mx\/index.php?rest_route=%2Fwp%2Fv2%2Fcategories&post=21187"},{"taxonomy":"post_tag","embeddable":true,"href":"https:\/\/zonaroja.com.mx\/index.php?rest_route=%2Fwp%2Fv2%2Ftags&post=21187"}],"curies":[{"name":"wp","href":"https:\/\/api.w.org\/{rel}","templated":true}]}}