{"id":21190,"date":"2020-12-13T08:02:17","date_gmt":"2020-12-13T14:02:17","guid":{"rendered":"http:\/\/www.zonaroja.com.mx\/?p=21190"},"modified":"2020-12-13T08:02:49","modified_gmt":"2020-12-13T14:02:49","slug":"suman-3437-integrantes-del-sector-salud-contagiados-por-covid-en-oaxaca","status":"publish","type":"post","link":"https:\/\/zonaroja.com.mx\/?p=21190","title":{"rendered":"Suman 3,437 trabajadores del sector salud contagiados por Covid en Oaxaca"},"content":{"rendered":"\n<p>Redacci\u00f3n\/Zona Roja.<\/p>\n\n\n\n<p>Oaxaca de Ju\u00e1rez, Oax., 13 de diciembre de 2020.- Al corte de ayer 12 de diciembre, la entidad acumul\u00f3 25 mil 959 casos de Covid-19, de esta cifra, 2 mil 006 personas han perdido la vida a causa de complicaciones por la enfermedad, tres m\u00e1s que ayer, seg\u00fan cifras de los Servicios de Salud de Oaxaca (SSO).<\/p>\n\n\n\n<p>En un comunicado, la instituci\u00f3n se\u00f1al\u00f3 que actualmente el n\u00famero de pacientes que cursan la infecci\u00f3n respiratoria en etapa activa son 856.<\/p>\n\n\n\n<p>Indic\u00f3 que del total de confirmados, 140 son casos nuevos ubicados en 43 municipios, siendo las localidades m\u00e1s afectadas: Oaxaca de Ju\u00e1rez con 42, Santa Luc\u00eda del Camino con 17, Santa Cruz Xoxocotl\u00e1n con 14, San Sebasti\u00e1n Tutla con seis y Villa de Zaachila con cinco; el resto cuatro, tres dos y uno.<\/p>\n\n\n\n<p>Precis\u00f3 que por Jurisdicci\u00f3n Sanitaria, Valles Centrales reporta 17 mil 668 positivos, Istmo dos mil 367, Tuxtepec mil 901, Mixteca mil 885, Costa mil 320 y Sierra 818.<\/p>\n\n\n\n<p>Afirm\u00f3 que el registro de personas recuperadas se elev\u00f3 a 23 mil 108, hay tres mil 922 pacientes sospechosos y 11 mil 388 personas han dado negativo al padecimiento.<\/p>\n\n\n\n<p>Asever\u00f3 que a la fecha el n\u00famero de trabajadores de Salud con COVID-19 suman mil 020 m\u00e9dicos, mil 317 enfermeras y enfermeros, as\u00ed como mil 100 trabajadores de otros perfiles, para un total de tres mil 437 casos.<\/p>\n\n\n\n<p>Detall\u00f3 que el 81.5% de los pacientes han cursado la infecci\u00f3n respiratoria en aislamiento domiciliario, y 18.5% requirieron atenci\u00f3n hospitalaria; siendo el grupo de edad con m\u00e1s contagios el de 25 a 44 a\u00f1os con 11 mil 736 casos, y por defunciones son los mayores de 65 a\u00f1os con 924 fallecimientos.<\/p>\n\n\n\n<p>Refiri\u00f3 que este s\u00e1bado la red hospitalaria presenta 32.2% de ocupaci\u00f3n de camas para la atenci\u00f3n de pacientes que requieren cuidado especializado, de esta cifra el 38.2% equivale a camas de observaci\u00f3n y 21.7% con ventilador.<\/p>\n\n\n\n<p>Insisti\u00f3 en que la pandemia contin\u00faa activa,&nbsp; por lo cual exhort\u00f3 a las familias oaxaque\u00f1as a llevar a cabo la sana distancia, uso correcto de cubrebocas, y en la medida de lo posible quedarse en casa, as\u00ed como evitar realizar reuniones o celebraciones navide\u00f1as que impliquen aglomeraci\u00f3n de personas.<\/p>\n","protected":false},"excerpt":{"rendered":"<p>Redacci\u00f3n\/Zona Roja. Oaxaca de Ju\u00e1rez, Oax., 13 de diciembre de 2020.- Al corte de ayer&hellip;<\/p>\n","protected":false},"author":2,"featured_media":21191,"comment_status":"closed","ping_status":"open","sticky":false,"template":"","format":"standard","meta":{"_lmt_disableupdate":"","_lmt_disable":"","_jetpack_memberships_contains_paid_content":false,"footnotes":""},"categories":[109,47],"tags":[1512],"class_list":["post-21190","post","type-post","status-publish","format-standard","has-post-thumbnail","hentry","category-minuto-a-minuto","category-zona-gris","tag-coronavirus-oaxaca"],"jetpack_featured_media_url":"https:\/\/zonaroja.com.mx\/wp-content\/uploads\/2020\/12\/SSO-2.jpeg","jetpack_sharing_enabled":true,"_links":{"self":[{"href":"https:\/\/zonaroja.com.mx\/index.php?rest_route=\/wp\/v2\/posts\/21190","targetHints":{"allow":["GET"]}}],"collection":[{"href":"https:\/\/zonaroja.com.mx\/index.php?rest_route=\/wp\/v2\/posts"}],"about":[{"href":"https:\/\/zonaroja.com.mx\/index.php?rest_route=\/wp\/v2\/types\/post"}],"author":[{"embeddable":true,"href":"https:\/\/zonaroja.com.mx\/index.php?rest_route=\/wp\/v2\/users\/2"}],"replies":[{"embeddable":true,"href":"https:\/\/zonaroja.com.mx\/index.php?rest_route=%2Fwp%2Fv2%2Fcomments&post=21190"}],"version-history":[{"count":2,"href":"https:\/\/zonaroja.com.mx\/index.php?rest_route=\/wp\/v2\/posts\/21190\/revisions"}],"predecessor-version":[{"id":21193,"href":"https:\/\/zonaroja.com.mx\/index.php?rest_route=\/wp\/v2\/posts\/21190\/revisions\/21193"}],"wp:featuredmedia":[{"embeddable":true,"href":"https:\/\/zonaroja.com.mx\/index.php?rest_route=\/wp\/v2\/media\/21191"}],"wp:attachment":[{"href":"https:\/\/zonaroja.com.mx\/index.php?rest_route=%2Fwp%2Fv2%2Fmedia&parent=21190"}],"wp:term":[{"taxonomy":"category","embeddable":true,"href":"https:\/\/zonaroja.com.mx\/index.php?rest_route=%2Fwp%2Fv2%2Fcategories&post=21190"},{"taxonomy":"post_tag","embeddable":true,"href":"https:\/\/zonaroja.com.mx\/index.php?rest_route=%2Fwp%2Fv2%2Ftags&post=21190"}],"curies":[{"name":"wp","href":"https:\/\/api.w.org\/{rel}","templated":true}]}}