{"id":21194,"date":"2020-12-13T08:13:04","date_gmt":"2020-12-13T14:13:04","guid":{"rendered":"http:\/\/www.zonaroja.com.mx\/?p=21194"},"modified":"2020-12-13T08:13:07","modified_gmt":"2020-12-13T14:13:07","slug":"reconocen-apoyos-del-poder-judicial-de-oaxaca-en-capacitacion","status":"publish","type":"post","link":"https:\/\/zonaroja.com.mx\/?p=21194","title":{"rendered":"Reconocen apoyos del Poder Judicial de Oaxaca en capacitaci\u00f3n"},"content":{"rendered":"\n<p>Redacci\u00f3n\/Zona Roja.<\/p>\n\n\n\n<p>Oaxaca de Ju\u00e1rez, Oax., 13 de diciembre de 2020.- Egresados de los Estudios de Especializaci\u00f3n Judicial reconocieron las estrategias implementadas por la Escuela Judicial del Consejo de la Judicatura para adaptarse a la situaci\u00f3n actual ante la emergencia sanitaria y que permitieron que este ciclo acad\u00e9mico pudiera concluirse satisfactoriamente, a pesar de las circunstancias y del cambio de modalidad que esto represent\u00f3.<\/p>\n\n\n\n<p>En voz de la abogada Arantxa S\u00e1nchez L\u00f3pez, quien obtuvo el promedio m\u00e1s alto de la vig\u00e9simo segunda generaci\u00f3n, resaltaron tambi\u00e9n el esfuerzo que se realiza para que la funci\u00f3n jurisdiccional del estado goce de personas m\u00e1s humanas y mejor preparadas.<\/p>\n\n\n\n<p>Ante el titular del Poder Judicial del Estado, magistrado Eduardo Pinacho S\u00e1nchez, del magistrado decano, Crescencio Mart\u00ednez Geminiano y el director de la Escuela Judicial, H\u00e9ctor Humberto V\u00e1squez Quevedo, expres\u00f3 que dejar de interactuar f\u00edsicamente para pasar a una interacci\u00f3n cien por ciento digital, no fue un proceso sencillo.<\/p>\n\n\n\n<p>Coment\u00f3 que fue gracias a la organizaci\u00f3n de las personas que forman parte de la Escuela Judicial y a las y los catedr\u00e1ticos que se pudo continuar con este proyecto, ya que en el campo del derecho resulta imprescindible que las personas que ejercen dicha profesi\u00f3n cuenten con los conocimientos precisos para desempe\u00f1arse de manera satisfactoria en sus funciones.<\/p>\n\n\n\n<p>\u201cLa actualizaci\u00f3n constante es un h\u00e1bito necesario en todos los \u00e1mbitos de las \u00e1reas profesionales, sin \u00e9sta simplemente no podr\u00edamos adaptarnos a la situaciones que a nivel social, cultural, pol\u00edtico y econ\u00f3mico se presentan\u201d, indic\u00f3 la servidora p\u00fablica.<\/p>\n\n\n\n<p>Cada a\u00f1o, la Escuela Judicial imparte los Estudios de Especializaci\u00f3n Judicial principalmente al personal de la instituci\u00f3n y servidores p\u00fablicos con el perfil de licenciados en derecho. Este 2020 las especialidades fueron Derecho Civil y Mercantil; Derecho Familiar; Derecho Penal Sustantivo; Sistema Acusatorio Penal y Derechos Humanos; de las cuales ESTE 2020 egresaron un total de 108 profesionales del derecho.<\/p>\n","protected":false},"excerpt":{"rendered":"<p>Redacci\u00f3n\/Zona Roja. Oaxaca de Ju\u00e1rez, Oax., 13 de diciembre de 2020.- Egresados de los Estudios&hellip;<\/p>\n","protected":false},"author":2,"featured_media":21195,"comment_status":"closed","ping_status":"open","sticky":false,"template":"","format":"standard","meta":{"_lmt_disableupdate":"","_lmt_disable":"","_jetpack_memberships_contains_paid_content":false,"footnotes":""},"categories":[109,46],"tags":[223],"class_list":["post-21194","post","type-post","status-publish","format-standard","has-post-thumbnail","hentry","category-minuto-a-minuto","category-zona-blanca","tag-poder-judicial-de-oaxaca"],"jetpack_featured_media_url":"https:\/\/zonaroja.com.mx\/wp-content\/uploads\/2020\/12\/01.jpg","jetpack_sharing_enabled":true,"_links":{"self":[{"href":"https:\/\/zonaroja.com.mx\/index.php?rest_route=\/wp\/v2\/posts\/21194","targetHints":{"allow":["GET"]}}],"collection":[{"href":"https:\/\/zonaroja.com.mx\/index.php?rest_route=\/wp\/v2\/posts"}],"about":[{"href":"https:\/\/zonaroja.com.mx\/index.php?rest_route=\/wp\/v2\/types\/post"}],"author":[{"embeddable":true,"href":"https:\/\/zonaroja.com.mx\/index.php?rest_route=\/wp\/v2\/users\/2"}],"replies":[{"embeddable":true,"href":"https:\/\/zonaroja.com.mx\/index.php?rest_route=%2Fwp%2Fv2%2Fcomments&post=21194"}],"version-history":[{"count":1,"href":"https:\/\/zonaroja.com.mx\/index.php?rest_route=\/wp\/v2\/posts\/21194\/revisions"}],"predecessor-version":[{"id":21196,"href":"https:\/\/zonaroja.com.mx\/index.php?rest_route=\/wp\/v2\/posts\/21194\/revisions\/21196"}],"wp:featuredmedia":[{"embeddable":true,"href":"https:\/\/zonaroja.com.mx\/index.php?rest_route=\/wp\/v2\/media\/21195"}],"wp:attachment":[{"href":"https:\/\/zonaroja.com.mx\/index.php?rest_route=%2Fwp%2Fv2%2Fmedia&parent=21194"}],"wp:term":[{"taxonomy":"category","embeddable":true,"href":"https:\/\/zonaroja.com.mx\/index.php?rest_route=%2Fwp%2Fv2%2Fcategories&post=21194"},{"taxonomy":"post_tag","embeddable":true,"href":"https:\/\/zonaroja.com.mx\/index.php?rest_route=%2Fwp%2Fv2%2Ftags&post=21194"}],"curies":[{"name":"wp","href":"https:\/\/api.w.org\/{rel}","templated":true}]}}