{"id":21200,"date":"2020-12-13T12:11:02","date_gmt":"2020-12-13T18:11:02","guid":{"rendered":"http:\/\/www.zonaroja.com.mx\/?p=21200"},"modified":"2020-12-13T12:11:05","modified_gmt":"2020-12-13T18:11:05","slug":"resurge-la-violencia-entre-pueblos-de-la-sierra-sur-de-oaxaca","status":"publish","type":"post","link":"https:\/\/zonaroja.com.mx\/?p=21200","title":{"rendered":"Resurge la violencia entre pueblos de la Sierra Sur de Oaxaca"},"content":{"rendered":"\n<p>Redacci\u00f3n\/Estado 20.<\/p>\n\n\n\n<p>Oaxaca de Ju\u00e1rez, Oax., 13 de diciembre de 2020.- El conflicto agrario entre San Lorenzo Texmelucan, San Vicente Coatl\u00e1n y Villa Sola de Vega, pone en peligro la estabilidad de cerca de diez peque\u00f1as agencias municipales pertenecientes a este \u00faltimo municipio, pero, algunas, localizadas dentro del territorio recientemente reconocido a San Lorenzo.<\/p>\n\n\n\n<p>Este problema por l\u00edmites de tierras viene desde principios del siglo pasado, pero ahora San Lorenzo Texmelucan argumenta que ha ganado el juicio agrario y desde hace dos meses comenz\u00f3 a desalojar a comuneros de lo que considera sus tierras.<\/p>\n\n\n\n<p>La primera comunidad desalojada fue El Sargento, donde habitantes de ese municipio quemaron casas y expulsaron a los pobladores.<\/p>\n\n\n\n<p>Este martes, les dieron 15 d\u00edas a los comuneros de La Ca\u00f1ada para que desocupen el espacio en el que han vivido y trabajado por d\u00e9cadas. Otra de las comunidades amenazadas es El An\u00eds.<\/p>\n\n\n\n<p>Cabe se\u00f1alar que San Lorenzo es un municipio libre ind\u00edgena y que los habitantes de las agencias en peligro est\u00e1n habitadas por mestizos, hablantes de espa\u00f1ol e identificados con Villa Sola de Vega, por lo que dif\u00edcilmente aceptar\u00e1n pertenecer a San Lorenzo y menos a\u00fan por la violencia con la que han sido tratados.<\/p>\n\n\n\n<p>Estas comunidades est\u00e1n compuestas por entre 10 y 15 familias, en total indefensi\u00f3n por la lejan\u00eda con su municipio.<\/p>\n\n\n\n<p>Por esto ninguna autoridad estatal o federal ha dado cuenta de lo que ah\u00ed ocurre por la arbitrariedad de San Lorenzo Texmelucan, municipio libre ind\u00edgena.<\/p>\n\n\n\n<p>Pobladores de las comunidades amenazadas exigen que el gobierno le d\u00e9 soluci\u00f3n al conflicto lo antes posible porque les preocupa la violencia con la que vienen actuando los pobladores de San Lorenzo, quienes, aliados con Santa Mar\u00eda Sola no s\u00f3lo quieren recuperar lo que por ley les corresponde sino invadir comunidades que ya pertenecen a Villa Sola de Vega.<\/p>\n\n\n\n<p>Aceptan los campesinos que San Lorenzo recupere sus tierras, si tiene documentos probatorios, pero argumentan que la violencia que est\u00e1n usando no es la forma de tratar a campesinos que tienen cerca de cien a\u00f1os o m\u00e1s ocupando esas tierras. \u201cExigimos que act\u00faen con apego a la ley\u201d, dijeron.<\/p>\n\n\n\n<p>Sin embargo, el pasado martes, 9 de diciembre, habitantes de San Lorenzo Texmelucan, llegaron a Santa Catarina La Ca\u00f1ada con armas y amenazando al agente de Polic\u00eda Rural y a su familia para exigirles que desalojen la comunidad en los pr\u00f3ximos 15 d\u00edas.<\/p>\n\n\n\n<p>Temiendo por su integridad, este mi\u00e9rcoles, los habitantes de La Ca\u00f1ada empezaron a retirarse dejando el patrimonio por el que llevan muchos a\u00f1os trabajando. Y todo esto pasa sin que el gobierno se d\u00e9 por enterado.<\/p>\n\n\n\n<p>Comuneros de las agencias amenazadas ven en este proceder m\u00e1s que un conflicto agrario otros intereses, entre ellos el deseo de cambiar el distrito a San Lorenzo Texmelucan y tambi\u00e9n se habla de la existencia de minas lo cual es causa de perversas ambiciones.<\/p>\n\n\n\n<p>Cabe se\u00f1alar que, los comuneros afectados desconf\u00edan del presidente municipal de Sola de Vega, cabecera distrital, Esa\u00fa N\u00fa\u00f1ez Calvo quien no ha hecho nada para apoyarlos.<\/p>\n\n\n\n<p>Este pol\u00edtico panista es personero de Di\u00f3genes Arroyo, due\u00f1o de una constructora que se ha beneficiado grandemente con recursos p\u00fablicos, argumentaron los campesinos quienes tambi\u00e9n se\u00f1alaron que Nu\u00f1ez Calvo es apoyado por el diputado federal y el local.<\/p>\n\n\n\n<p>En tanto, el comisariado de Bienes Comunales, Lucas Guti\u00e9rrez, manda a su gente para hacer destrozos y despu\u00e9s llega para fingir que desea apaciguar el conflicto. \u201cUn plan con ma\u00f1a\u201d, indicaron.<\/p>\n\n\n\n<p>Ante este panorama, las agencias afectadas o en riesgo se sienten en total indefensi\u00f3n por lo que hacen un llamado al Gobierno Federal para que coadyuve a la pronta soluci\u00f3n del asunto y, de ser posible, se les apoye con el auxilio de la Guardia Nacional a fin de evitar los atropellos que est\u00e1n sufriendo.<\/p>\n\n\n\n<p>Y no es para menos, estos campesinos han visto como por estos conflictos agrarios ha muerto ya mucha gente. Incluso, hace dos a\u00f1os, fue asesinado el entonces Comisariado Ejidal, Hermilo R\u00edos, una persona que hizo todo lo que pudo por hallarle soluci\u00f3n a este problema que ya lleva cerca de cien a\u00f1os.<\/p>\n","protected":false},"excerpt":{"rendered":"<p>Redacci\u00f3n\/Estado 20. Oaxaca de Ju\u00e1rez, Oax., 13 de diciembre de 2020.- El conflicto agrario entre&hellip;<\/p>\n","protected":false},"author":2,"featured_media":21201,"comment_status":"closed","ping_status":"open","sticky":false,"template":"","format":"standard","meta":{"_lmt_disableupdate":"","_lmt_disable":"","_jetpack_memberships_contains_paid_content":false,"footnotes":""},"categories":[109,47],"tags":[2292],"class_list":["post-21200","post","type-post","status-publish","format-standard","has-post-thumbnail","hentry","category-minuto-a-minuto","category-zona-gris","tag-san-lorenzo-texmelucan"],"jetpack_featured_media_url":"https:\/\/zonaroja.com.mx\/wp-content\/uploads\/2020\/12\/San-Lorenzo-Texmelucan.jpg","jetpack_sharing_enabled":true,"_links":{"self":[{"href":"https:\/\/zonaroja.com.mx\/index.php?rest_route=\/wp\/v2\/posts\/21200","targetHints":{"allow":["GET"]}}],"collection":[{"href":"https:\/\/zonaroja.com.mx\/index.php?rest_route=\/wp\/v2\/posts"}],"about":[{"href":"https:\/\/zonaroja.com.mx\/index.php?rest_route=\/wp\/v2\/types\/post"}],"author":[{"embeddable":true,"href":"https:\/\/zonaroja.com.mx\/index.php?rest_route=\/wp\/v2\/users\/2"}],"replies":[{"embeddable":true,"href":"https:\/\/zonaroja.com.mx\/index.php?rest_route=%2Fwp%2Fv2%2Fcomments&post=21200"}],"version-history":[{"count":1,"href":"https:\/\/zonaroja.com.mx\/index.php?rest_route=\/wp\/v2\/posts\/21200\/revisions"}],"predecessor-version":[{"id":21202,"href":"https:\/\/zonaroja.com.mx\/index.php?rest_route=\/wp\/v2\/posts\/21200\/revisions\/21202"}],"wp:featuredmedia":[{"embeddable":true,"href":"https:\/\/zonaroja.com.mx\/index.php?rest_route=\/wp\/v2\/media\/21201"}],"wp:attachment":[{"href":"https:\/\/zonaroja.com.mx\/index.php?rest_route=%2Fwp%2Fv2%2Fmedia&parent=21200"}],"wp:term":[{"taxonomy":"category","embeddable":true,"href":"https:\/\/zonaroja.com.mx\/index.php?rest_route=%2Fwp%2Fv2%2Fcategories&post=21200"},{"taxonomy":"post_tag","embeddable":true,"href":"https:\/\/zonaroja.com.mx\/index.php?rest_route=%2Fwp%2Fv2%2Ftags&post=21200"}],"curies":[{"name":"wp","href":"https:\/\/api.w.org\/{rel}","templated":true}]}}