{"id":21203,"date":"2020-12-13T14:49:27","date_gmt":"2020-12-13T20:49:27","guid":{"rendered":"http:\/\/www.zonaroja.com.mx\/?p=21203"},"modified":"2020-12-13T14:49:31","modified_gmt":"2020-12-13T20:49:31","slug":"pide-congreso-sancionar-actos-anticipados-de-precampana-en-oaxaca","status":"publish","type":"post","link":"https:\/\/zonaroja.com.mx\/?p=21203","title":{"rendered":"Pide Congreso sancionar actos anticipados de precampa\u00f1a en Oaxaca"},"content":{"rendered":"\n<p>Redacci\u00f3n\/Zona Roja.<\/p>\n\n\n\n<p>Oaxaca de Ju\u00e1rez, Oax., 13 de diciembre de 2020.- El pleno de la 64 Legislatura local, pidi\u00f3 al Instituto Estatal Electoral y de Participaci\u00f3n Ciudadana de Oaxaca (IEEPCO) iniciar lo procedente ante presuntos actos anticipados de precampa\u00f1a.<\/p>\n\n\n\n<p>Mediante un exhorto aprobado, el Congreso solicit\u00f3 a las consejeras y consejeros electorales integrantes de la Comisi\u00f3n del Quejas y Denuncias del IEEPCO, iniciar de oficio los procedimientos especiales sancionadores para investigar y analizar estos acontecimientos.<\/p>\n\n\n\n<p>Adem\u00e1s, para que en su momento remitan el o los expedientes al Tribunal Electoral del Estado de Oaxaca (TEEO), para que \u00e9ste resuelva los hechos que puedan constituir actos anticipados de precampa\u00f1a.<\/p>\n\n\n\n<p>Esta medida solicitada por el Poder Legislativo, tiene como finalidad evitar la colocaci\u00f3n de espectaculares en la ciudad capital y dem\u00e1s regiones del Estado, as\u00ed como en unidades del transporte p\u00fablico.<\/p>\n\n\n\n<p>Adem\u00e1s, evitar que en las portadas de revistas aparezcan fotograf\u00edas de diversos ciudadanos con mensajes de propaganda electoral.<\/p>\n\n\n\n<p>Tambi\u00e9n, para que se sancionen a las personas que tengan el prop\u00f3sito de promover su nombre e imagen, y con ello posicionarse entre la ciudadan\u00eda para estar en aptitud de contender al proceso de selecci\u00f3n interna de su partido pol\u00edtico, dejando en estado de desigualdad a sus posibles contendientes.<\/p>\n\n\n\n<p>El punto de acuerdo fue promovido por el legislador, Oth\u00f3n Cuevas C\u00f3rdoba, dictaminado por la Comisi\u00f3n permanente de Democracia y Participaci\u00f3n Ciudadana, y aprobado por el Pleno Legislativo.<\/p>\n","protected":false},"excerpt":{"rendered":"<p>Redacci\u00f3n\/Zona Roja. Oaxaca de Ju\u00e1rez, Oax., 13 de diciembre de 2020.- El pleno de la&hellip;<\/p>\n","protected":false},"author":2,"featured_media":15366,"comment_status":"closed","ping_status":"open","sticky":false,"template":"","format":"standard","meta":{"_lmt_disableupdate":"","_lmt_disable":"","_jetpack_memberships_contains_paid_content":false,"footnotes":""},"categories":[109,46],"tags":[1311],"class_list":["post-21203","post","type-post","status-publish","format-standard","has-post-thumbnail","hentry","category-minuto-a-minuto","category-zona-blanca","tag-othon-cuevas-cordova"],"jetpack_featured_media_url":"https:\/\/zonaroja.com.mx\/wp-content\/uploads\/2020\/07\/Oth\u00f3n-cuevas-1.png","jetpack_sharing_enabled":true,"_links":{"self":[{"href":"https:\/\/zonaroja.com.mx\/index.php?rest_route=\/wp\/v2\/posts\/21203","targetHints":{"allow":["GET"]}}],"collection":[{"href":"https:\/\/zonaroja.com.mx\/index.php?rest_route=\/wp\/v2\/posts"}],"about":[{"href":"https:\/\/zonaroja.com.mx\/index.php?rest_route=\/wp\/v2\/types\/post"}],"author":[{"embeddable":true,"href":"https:\/\/zonaroja.com.mx\/index.php?rest_route=\/wp\/v2\/users\/2"}],"replies":[{"embeddable":true,"href":"https:\/\/zonaroja.com.mx\/index.php?rest_route=%2Fwp%2Fv2%2Fcomments&post=21203"}],"version-history":[{"count":1,"href":"https:\/\/zonaroja.com.mx\/index.php?rest_route=\/wp\/v2\/posts\/21203\/revisions"}],"predecessor-version":[{"id":21204,"href":"https:\/\/zonaroja.com.mx\/index.php?rest_route=\/wp\/v2\/posts\/21203\/revisions\/21204"}],"wp:featuredmedia":[{"embeddable":true,"href":"https:\/\/zonaroja.com.mx\/index.php?rest_route=\/wp\/v2\/media\/15366"}],"wp:attachment":[{"href":"https:\/\/zonaroja.com.mx\/index.php?rest_route=%2Fwp%2Fv2%2Fmedia&parent=21203"}],"wp:term":[{"taxonomy":"category","embeddable":true,"href":"https:\/\/zonaroja.com.mx\/index.php?rest_route=%2Fwp%2Fv2%2Fcategories&post=21203"},{"taxonomy":"post_tag","embeddable":true,"href":"https:\/\/zonaroja.com.mx\/index.php?rest_route=%2Fwp%2Fv2%2Ftags&post=21203"}],"curies":[{"name":"wp","href":"https:\/\/api.w.org\/{rel}","templated":true}]}}