{"id":21207,"date":"2020-12-13T18:03:44","date_gmt":"2020-12-14T00:03:44","guid":{"rendered":"http:\/\/www.zonaroja.com.mx\/?p=21207"},"modified":"2020-12-13T18:05:01","modified_gmt":"2020-12-14T00:05:01","slug":"once-anos-en-espera-de-justicia-don-alejo-sigue-en-pie-de-lucha","status":"publish","type":"post","link":"https:\/\/zonaroja.com.mx\/?p=21207","title":{"rendered":"Once a\u00f1os en espera de justicia, don Alejo sigue en pie de lucha"},"content":{"rendered":"\n<p>Evlin Arag\u00f3n\/Zona Roja.<\/p>\n\n\n\n<p>Oaxaca de Ju\u00e1rez, Oax., 11 de diciembre de 2020.- \u201cLas instituciones de Derechos Humanos han sido s\u00f3lo una simulaci\u00f3n, el bot\u00f3n de muestra soy yo\u201d.<\/p>\n\n\n\n<p>Son las palabras de don Alejo Rojas, quien, cansado de estar en \u201cplant\u00f3n\u201d a las afuera de Palacio Nacional, en la Ciudad de M\u00e9xico, decidi\u00f3 regresar a la entidad oaxaque\u00f1a e instalarse desde el pasado martes a las afueras de la Defensor\u00eda de los Derecho Humanos de Oaxaca (DDHPO).<\/p>\n\n\n\n<p>Y es que han pasado 11 a\u00f1os desde que fue objeto de la fabricaci\u00f3n del delito de despojo del predio en El Camar\u00f3n, ubicado en Nejapa de Madero, Oaxaca, por el cual fue encarcelado y posteriormente absuelto.<\/p>\n\n\n\n<p>Aunque recibi\u00f3 una indemnizaci\u00f3n de 120 mil pesos, al momento de regresar a su comunidad, su esposa muri\u00f3 en un accidente vial, el cual considera un homicidio intencional. Por tanto, reclama castigo a los culpables de tales hechos y la reparaci\u00f3n del da\u00f1o.<\/p>\n\n\n\n<p>Sin embargo, asegura que la justicia no ha llegado. Hasta el momento, pese a sus m\u00faltiples protestas, que han incluido la crucifixi\u00f3n a las afuera de Palacio Nacional, no ha habido autoridad que le pueda dar soluci\u00f3n a su demanda principal.\u00a0<\/p>\n\n\n\n<figure class=\"wp-block-embed-twitter wp-block-embed is-type-rich is-provider-twitter\"><div class=\"wp-block-embed__wrapper\">\n<div class=\"twitter-tweet\"><blockquote class=\"twitter-tweet\" data-lang=\"es\"><p lang=\"es\" dir=\"ltr\">\u00bfLo recuerda? Se crucific\u00f3, se desnud\u00f3, hizo su \u201cviacrucis\u201d, huelgas de hambre&#8230; y 11 a\u00f1os despu\u00e9s, no ha habido justicia plena para don Alejo Rojas: <a href=\"https:\/\/t.co\/gRpkO6AIMN\">pic.twitter.com\/gRpkO6AIMN<\/a><\/p>&mdash; Zona Roja Oaxaca (@MexRoja) <a href=\"https:\/\/twitter.com\/MexRoja\/status\/1338272029108174848?ref_src=twsrc%5Etfw\">13 de diciembre de 2020<\/a><\/blockquote><\/div>\n<\/div><\/figure>\n\n\n\n<p>\u201cYo ingenuamente pensaba que las comisiones de derechos humanos, tanto estatal como nacional, eran una realidad, pero son una simulaci\u00f3n para defender al poder pol\u00edtico y econ\u00f3mico, se hicieron para los poderosos y no para los pobres. Es lamentable que contribuyan a la impunidad\u201d, se\u00f1al\u00f3.&nbsp;<\/p>\n\n\n\n<p>Creyendo en los principios de la Cuarta Transformaci\u00f3n, en varias ocasiones ha buscado sin \u00e9xito una audiencia con el mandatario federal Andr\u00e9s Manuel L\u00f3pez Obrador, con la finalidad de exponer su caso y plantear que el acoso y hostigamiento se mantiene en su contra, todo por haber encabezado a un grupo de campesinos que desarrollaron un proyecto acu\u00edcola de cr\u00eda y engorda de mojarra tilapia, hace ya 11 a\u00f1os.<\/p>\n\n\n\n<p>Incluso record\u00f3 que el pasado 27 de noviembre cumpli\u00f3 tres a\u00f1os de \u201cplant\u00f3n\u201d en la Comisi\u00f3n Nacional de Derechos Humanos, sin que nadie tome en serio su demanda, criticando el actuar de Rosario Piedra Ibarra quien a pesar de haber sufrido en carne propia la violaci\u00f3n a los derechos, no es capaz de ponerse en los zapatos de las v\u00edctimas.&nbsp;<\/p>\n\n\n\n<p>Alejo Rojas explic\u00f3 que la Secretar\u00eda de Gobernaci\u00f3n lo atendi\u00f3 en marzo de este a\u00f1o, en donde le dio un informe detallado de las supuestas acciones para resarcir el da\u00f1o, ello sin tomarlo en cuenta, por lo anterior seguir\u00e1 exigiendo la garant\u00eda de sus derechos y su demanda de justicia.&nbsp;<\/p>\n\n\n\n<p>Finalmente, cuestion\u00f3 el actuar de la DDHPO que dijo ni siquiera lo han podido dotar de una cobija para que pueda pasar las inclemencias del clima, incluso el personal se r\u00ede y agachan la cabeza al momento de ingresar a la dependencia en cuyo acceso se encuentra ubicado.&nbsp;<\/p>\n","protected":false},"excerpt":{"rendered":"<p>Evlin Arag\u00f3n\/Zona Roja. Oaxaca de Ju\u00e1rez, Oax., 11 de diciembre de 2020.- \u201cLas instituciones de&hellip;<\/p>\n","protected":false},"author":2,"featured_media":21208,"comment_status":"closed","ping_status":"open","sticky":false,"template":"","format":"standard","meta":{"_lmt_disableupdate":"","_lmt_disable":"","_jetpack_memberships_contains_paid_content":false,"footnotes":""},"categories":[109,47],"tags":[2293],"class_list":["post-21207","post","type-post","status-publish","format-standard","has-post-thumbnail","hentry","category-minuto-a-minuto","category-zona-gris","tag-alejo-rojas"],"jetpack_featured_media_url":"https:\/\/zonaroja.com.mx\/wp-content\/uploads\/2020\/12\/Alejo-Rojas.jpg","jetpack_sharing_enabled":true,"_links":{"self":[{"href":"https:\/\/zonaroja.com.mx\/index.php?rest_route=\/wp\/v2\/posts\/21207","targetHints":{"allow":["GET"]}}],"collection":[{"href":"https:\/\/zonaroja.com.mx\/index.php?rest_route=\/wp\/v2\/posts"}],"about":[{"href":"https:\/\/zonaroja.com.mx\/index.php?rest_route=\/wp\/v2\/types\/post"}],"author":[{"embeddable":true,"href":"https:\/\/zonaroja.com.mx\/index.php?rest_route=\/wp\/v2\/users\/2"}],"replies":[{"embeddable":true,"href":"https:\/\/zonaroja.com.mx\/index.php?rest_route=%2Fwp%2Fv2%2Fcomments&post=21207"}],"version-history":[{"count":2,"href":"https:\/\/zonaroja.com.mx\/index.php?rest_route=\/wp\/v2\/posts\/21207\/revisions"}],"predecessor-version":[{"id":21210,"href":"https:\/\/zonaroja.com.mx\/index.php?rest_route=\/wp\/v2\/posts\/21207\/revisions\/21210"}],"wp:featuredmedia":[{"embeddable":true,"href":"https:\/\/zonaroja.com.mx\/index.php?rest_route=\/wp\/v2\/media\/21208"}],"wp:attachment":[{"href":"https:\/\/zonaroja.com.mx\/index.php?rest_route=%2Fwp%2Fv2%2Fmedia&parent=21207"}],"wp:term":[{"taxonomy":"category","embeddable":true,"href":"https:\/\/zonaroja.com.mx\/index.php?rest_route=%2Fwp%2Fv2%2Fcategories&post=21207"},{"taxonomy":"post_tag","embeddable":true,"href":"https:\/\/zonaroja.com.mx\/index.php?rest_route=%2Fwp%2Fv2%2Ftags&post=21207"}],"curies":[{"name":"wp","href":"https:\/\/api.w.org\/{rel}","templated":true}]}}