{"id":21211,"date":"2020-12-13T18:12:17","date_gmt":"2020-12-14T00:12:17","guid":{"rendered":"http:\/\/www.zonaroja.com.mx\/?p=21211"},"modified":"2020-12-13T18:12:21","modified_gmt":"2020-12-14T00:12:21","slug":"promueven-organismos-civiles-de-oaxaca-alimentacion-sana-y-nutritiva","status":"publish","type":"post","link":"https:\/\/zonaroja.com.mx\/?p=21211","title":{"rendered":"Promueven organismos civiles de Oaxaca alimentaci\u00f3n sana y nutritiva"},"content":{"rendered":"\n<p>Redacci\u00f3n\/Zona Roja.<\/p>\n\n\n\n<p>Oaxaca de Ju\u00e1rez, 13 de diciembre 2020.- El 4 de septiembre entr\u00f3 en vigor en el estado de Oaxaca, la reforma al art\u00edculo 20 Bis de la Ley de Protecci\u00f3n de Ni\u00f1as, Ni\u00f1os y Adolescentes de Oaxaca, la primera norma en el pa\u00eds que proh\u00edbe la compra, suministro y regalo de comida chatarra y bebidas azucaradas a ni\u00f1as, ni\u00f1os y adolescentes como una medida para combatir la obesidad infantil.<\/p>\n\n\n\n<p>Dicha ley entra en vigor justo en el marco de una pandemia mundial por Covid-19 cuya letalidad aumenta cuando las personas adem\u00e1s padecen obesidad, diabetes o hipertensi\u00f3n.<\/p>\n\n\n\n<p>El alto consumo de estos productos guarda un estrecho v\u00ednculo con la emergencia epidemiol\u00f3gica por obesidad y diabetes declarada en M\u00e9xico desde el a\u00f1o 2016, donde 1 de cada 3 ni\u00f1os y a 7 de cada 10 adultos padecen obesidad.<\/p>\n\n\n\n<p>Adem\u00e1s de la obesidad, la diabetes y otras enfermedades cr\u00f3nico-degenerativas; son provocadas por el consumo excesivo de estos productos, da\u00f1ando generaciones presentes y futuras de nuestro pa\u00eds.<\/p>\n\n\n\n<p>En este contexto organizaciones de sociedad civil lanzaron la campa\u00f1a \u201cPor el derecho a una alimentaci\u00f3n sana y nutritiva de ni\u00f1as, ni\u00f1os y adolescentes en Oaxaca\u201d, como una medida ante la urgencia de incorporar alimentos sanos y de calidad a la alimentaci\u00f3n de ni\u00f1as, ni\u00f1os y adolescentes en el estado que tiene uno de los mayores \u00edndices de obesidad infantil.<\/p>\n\n\n\n<p>En ese sentido Y\u00e9sica S\u00e1nchez Maya, inform\u00f3 que el objetivo de la campa\u00f1a es concientizar sobre los cambios de h\u00e1bitos alimenticios para que ello redunde en una buena alimentaci\u00f3n, salud y bienestar no solo de las ni\u00f1as ni\u00f1os y adolescentes, sino tambi\u00e9n de la poblaci\u00f3n en general.<\/p>\n\n\n\n<p>As\u00ed como contribuir a una nueva cultura de alimentaci\u00f3n sana que no considere el consumo de comida chatarra, sino por el contrario, que se rescate&nbsp; la cultura, que consuma productos locales lo que sin duda impactar\u00e1 en las econom\u00edas locales y comunitarias cercanas.<\/p>\n\n\n\n<p>Que la sociedad retome como consumo principal las frutas, verduras, legumbres, semillas que se producen en los contextos locales.&nbsp; La campa\u00f1a est\u00e1 disponible en la p\u00e1gina de Facebook @OaxacaSinChatarra.<\/p>\n\n\n\n<p>Esta campa\u00f1a es impulsada por el Espacio Civil de Oaxaca, Centro de Apoyo para la Educaci\u00f3n y Creatividad Calpulli A. C., Red por los Derechos de la Infancia en M\u00e9xico, Consorcio Para el Di\u00e1logo Parlamentario y la Equidad Oaxaca A.C., Espiral por la Vida A.C., El Poder del Consumidor, Mano Vuelta A.C., Pi\u00f1a Palmera A.C. Alianza por la Salud y Puente a la Salud Comunitaria A.C.<\/p>\n\n\n\n<p>Como parte de la campa\u00f1a se presentaron las c\u00e1psulas informativas sobre alimentaci\u00f3n con la participaci\u00f3n de ni\u00f1as, ni\u00f1os y adolescentes.<\/p>\n\n\n\n<p>Diana Leticia P\u00e9rez L\u00f3pez. del Centro Calpulli, explic\u00f3 la metodolog\u00eda participativa en la que han elaborado las c\u00e1psulas, con la participaci\u00f3n de ni\u00f1as, ni\u00f1os, adolescentes, madres y padres de familia, poblaci\u00f3n con la que han trabajado hist\u00f3ricamente.<\/p>\n\n\n\n<p>Durante su intervenci\u00f3n, Katia Garc\u00eda Maldonado en representaci\u00f3n de Alianza por la Salud Alimentaria, integrada por m\u00e1s de 35 organizaciones de sociedad civil, record\u00f3 que es durante la infancia donde se forman los h\u00e1bitos alimentarios, por lo que es muy importante que sus paladares no se acostumbren a consumir productos con exceso de az\u00facares, sodio y grasas, para evitar que el gusto por estos productos se mantenga a lo largo de su vida.<\/p>\n\n\n\n<p>Asimismo, se\u00f1al\u00f3 que \u201ces indispensable que en nuestro pa\u00eds tengamos ni\u00f1as y ni\u00f1os que participen en la defensa de sus derechos, que los conozcan y los promuevan, para impulsar la creaci\u00f3n de pol\u00edticas para su beneficio\u201d, por lo que reconoci\u00f3 el esfuerzo de esta campa\u00f1a para que sea participativa, con la finalidad de que el derecho a una alimentaci\u00f3n sana, nutritiva y de calidad sea una realidad.<\/p>\n\n\n\n<p>Con el objetivo de ir generando una cultura del derecho a la alimentaci\u00f3n sana, se present\u00f3 el disco \u201cDulce Veneno\u201d, producido en el 2016, un proyecto de j\u00f3venes m\u00fasicos que se unieron para generar conciencia sobre los da\u00f1os para la salud por el consumo de bebidas azucaradas.<\/p>\n\n\n\n<p>Amaranta Rodr\u00edguez, de CACTO Producciones, explic\u00f3 que el disco se realiz\u00f3 en conjunto con la Escuela de M\u00fasica del Rock a la Palabra, El Poder del Consumidor y Social TIC, en un proceso que incluy\u00f3 un taller de sensibilizaci\u00f3n sobre los da\u00f1os a la salud por el consumo de bebidas azucaradas, y celebr\u00f3 la inclusi\u00f3n de Dulce Veneno en la estrategia de difusi\u00f3n de la campa\u00f1a con la finalidad proteger a la infancia oaxaque\u00f1a contra el consumo de bebidas y productos ultraprocesados conocidos como \u201cproductos chatarra\u201d<\/p>\n\n\n\n<p>El cantautor veracruzano Ad\u00e1n Feij\u00f3o, quien es parte del proyecto Dulce Veneno como compositor del tema \u201cLos Coca-coh\u00f3loicos\u201d con la banda \u201cEl Gran Cocodrilo\u201d, reconoci\u00f3 la importancia de que ni\u00f1as, ni\u00f1os y adolescentes consumidores tambi\u00e9n cuenten con m\u00e1s informaci\u00f3n para evitar que sean manipulados por la publicidad de la industria de bebidas azucaradas.<\/p>\n\n\n\n<p>El disco est\u00e1 disponible de manera gratuita en www.destapalaverdad.mx.<\/p>\n\n\n\n<p>La transmisi\u00f3n en vivo de Facebook puede recuperarse en este enlace: https:\/\/www.facebook.com\/OaxacaSinChatarra\/videos\/1475500572653002\/<\/p>\n","protected":false},"excerpt":{"rendered":"<p>Redacci\u00f3n\/Zona Roja. Oaxaca de Ju\u00e1rez, 13 de diciembre 2020.- El 4 de septiembre entr\u00f3 en&hellip;<\/p>\n","protected":false},"author":2,"featured_media":16691,"comment_status":"closed","ping_status":"open","sticky":false,"template":"","format":"standard","meta":{"_lmt_disableupdate":"","_lmt_disable":"","_jetpack_memberships_contains_paid_content":false,"footnotes":""},"categories":[109,46],"tags":[1093],"class_list":["post-21211","post","type-post","status-publish","format-standard","has-post-thumbnail","hentry","category-minuto-a-minuto","category-zona-blanca","tag-consorcio-para-el-dialogo-oaxaca"],"jetpack_featured_media_url":"https:\/\/zonaroja.com.mx\/wp-content\/uploads\/2020\/08\/Alimentos-saludables.jpg","jetpack_sharing_enabled":true,"_links":{"self":[{"href":"https:\/\/zonaroja.com.mx\/index.php?rest_route=\/wp\/v2\/posts\/21211","targetHints":{"allow":["GET"]}}],"collection":[{"href":"https:\/\/zonaroja.com.mx\/index.php?rest_route=\/wp\/v2\/posts"}],"about":[{"href":"https:\/\/zonaroja.com.mx\/index.php?rest_route=\/wp\/v2\/types\/post"}],"author":[{"embeddable":true,"href":"https:\/\/zonaroja.com.mx\/index.php?rest_route=\/wp\/v2\/users\/2"}],"replies":[{"embeddable":true,"href":"https:\/\/zonaroja.com.mx\/index.php?rest_route=%2Fwp%2Fv2%2Fcomments&post=21211"}],"version-history":[{"count":1,"href":"https:\/\/zonaroja.com.mx\/index.php?rest_route=\/wp\/v2\/posts\/21211\/revisions"}],"predecessor-version":[{"id":21212,"href":"https:\/\/zonaroja.com.mx\/index.php?rest_route=\/wp\/v2\/posts\/21211\/revisions\/21212"}],"wp:featuredmedia":[{"embeddable":true,"href":"https:\/\/zonaroja.com.mx\/index.php?rest_route=\/wp\/v2\/media\/16691"}],"wp:attachment":[{"href":"https:\/\/zonaroja.com.mx\/index.php?rest_route=%2Fwp%2Fv2%2Fmedia&parent=21211"}],"wp:term":[{"taxonomy":"category","embeddable":true,"href":"https:\/\/zonaroja.com.mx\/index.php?rest_route=%2Fwp%2Fv2%2Fcategories&post=21211"},{"taxonomy":"post_tag","embeddable":true,"href":"https:\/\/zonaroja.com.mx\/index.php?rest_route=%2Fwp%2Fv2%2Ftags&post=21211"}],"curies":[{"name":"wp","href":"https:\/\/api.w.org\/{rel}","templated":true}]}}