{"id":2122,"date":"2019-07-09T07:03:11","date_gmt":"2019-07-09T12:03:11","guid":{"rendered":"http:\/\/www.zonaroja.com.mx\/?p=2122"},"modified":"2019-07-09T07:03:13","modified_gmt":"2019-07-09T12:03:13","slug":"denuncian-en-cdmx-impunidad-y-falta-de-justicia-en-oaxaca","status":"publish","type":"post","link":"https:\/\/zonaroja.com.mx\/?p=2122","title":{"rendered":"Denuncian en Cdmx impunidad y falta de justicia en Oaxaca"},"content":{"rendered":"\n<p>Redacci\u00f3n<\/p>\n\n\n\n<p>Oaxaca de\nJu\u00e1rez, Oax., 9 de julio de 2019.- Ante lo que consideran impunidad y falta de\njusticia en Oaxaca, la organizaci\u00f3n social \u201cSol Rojo\u201d denunci\u00f3 a las\nautoridades estatales ante la Secretar\u00eda de Gobernaci\u00f3n (Segob), en la Ciudad\nde M\u00e9xico.<\/p>\n\n\n\n<p>Acompa\u00f1ados\nde militantes del estado de otras entidades del pa\u00eds, demandaron una reuni\u00f3n\ncon la titular de la dependencia, Olga S\u00e1nchez Cordero; en caso contrario, no\nse retirar\u00e1n de la sede de la Segob.<\/p>\n\n\n\n<p>Una de las\nprimeras demandas de la Corriente del Pueblo \u201cSol Rojo\u201d es la aparici\u00f3n con\nvida del abogado Ernesto Serna Garc\u00eda, catedr\u00e1tico e investigador de la UABJO, desaparecido\nel 10 de mayo del 2018.<\/p>\n\n\n\n<p>Acusaron que\nhasta ahora, la Fiscal\u00eda General del Estado no ha mostrado ning\u00fan avance en las\ninvestigaciones y se ha excusado de falta de personal y recursos para ahondar\nlas indagatorias.<\/p>\n\n\n\n<p>En su\ntercera fase de lucha nacional, denominada \u201cPor la justicia y los derechos del\npueblo\u00bb, pidi\u00f3 igualmente justicia para Luis Armando Fuentes Aquino, defensor\nde la tierra y el territorio, de oficio pescador, ultimado en San Francisco\nIxhuat\u00e1n. <\/p>\n\n\n\n<p>De la misma\nmanera, la instancia de procuraci\u00f3n de justicia que encabeza Rub\u00e9n Vasconcelos\nM\u00e9ndez no ha dado ning\u00fan resultado.<\/p>\n\n\n\n<p>Entre otras\nacciones, demandaron la reinstalaci\u00f3n inmediata de 165 trabajadores del sector\nsalud, \u201cdespedidos de forma arbitraria e injusta, en un estado en que a\u00fan se\nmuere de enfermedades curables\u201d.<\/p>\n\n\n\n<p>Asimismo, la\ncancelaci\u00f3n de la subestaci\u00f3n el\u00e9ctrica militar en Puente Madera, San Blas Atempa.<\/p>\n","protected":false},"excerpt":{"rendered":"<p>Redacci\u00f3n Oaxaca de Ju\u00e1rez, Oax., 9 de julio de 2019.- Ante lo que consideran impunidad&hellip;<\/p>\n","protected":false},"author":2,"featured_media":2123,"comment_status":"closed","ping_status":"open","sticky":false,"template":"","format":"standard","meta":{"_lmt_disableupdate":"","_lmt_disable":"","_jetpack_memberships_contains_paid_content":false,"footnotes":""},"categories":[109,47],"tags":[323,59,58],"class_list":["post-2122","post","type-post","status-publish","format-standard","has-post-thumbnail","hentry","category-minuto-a-minuto","category-zona-gris","tag-corriente-del-pueblo-sol-rojo","tag-fiscalia-general-del-estado","tag-oaxaca"],"jetpack_featured_media_url":"https:\/\/zonaroja.com.mx\/wp-content\/uploads\/2019\/07\/Protesta-Sol-Rojo-en-la-Ciudad-de-M\u00e9xico.jpg","jetpack_sharing_enabled":true,"_links":{"self":[{"href":"https:\/\/zonaroja.com.mx\/index.php?rest_route=\/wp\/v2\/posts\/2122","targetHints":{"allow":["GET"]}}],"collection":[{"href":"https:\/\/zonaroja.com.mx\/index.php?rest_route=\/wp\/v2\/posts"}],"about":[{"href":"https:\/\/zonaroja.com.mx\/index.php?rest_route=\/wp\/v2\/types\/post"}],"author":[{"embeddable":true,"href":"https:\/\/zonaroja.com.mx\/index.php?rest_route=\/wp\/v2\/users\/2"}],"replies":[{"embeddable":true,"href":"https:\/\/zonaroja.com.mx\/index.php?rest_route=%2Fwp%2Fv2%2Fcomments&post=2122"}],"version-history":[{"count":1,"href":"https:\/\/zonaroja.com.mx\/index.php?rest_route=\/wp\/v2\/posts\/2122\/revisions"}],"predecessor-version":[{"id":2124,"href":"https:\/\/zonaroja.com.mx\/index.php?rest_route=\/wp\/v2\/posts\/2122\/revisions\/2124"}],"wp:featuredmedia":[{"embeddable":true,"href":"https:\/\/zonaroja.com.mx\/index.php?rest_route=\/wp\/v2\/media\/2123"}],"wp:attachment":[{"href":"https:\/\/zonaroja.com.mx\/index.php?rest_route=%2Fwp%2Fv2%2Fmedia&parent=2122"}],"wp:term":[{"taxonomy":"category","embeddable":true,"href":"https:\/\/zonaroja.com.mx\/index.php?rest_route=%2Fwp%2Fv2%2Fcategories&post=2122"},{"taxonomy":"post_tag","embeddable":true,"href":"https:\/\/zonaroja.com.mx\/index.php?rest_route=%2Fwp%2Fv2%2Ftags&post=2122"}],"curies":[{"name":"wp","href":"https:\/\/api.w.org\/{rel}","templated":true}]}}