{"id":21221,"date":"2020-12-14T08:07:01","date_gmt":"2020-12-14T14:07:01","guid":{"rendered":"http:\/\/www.zonaroja.com.mx\/?p=21221"},"modified":"2020-12-14T08:07:05","modified_gmt":"2020-12-14T14:07:05","slug":"titular-del-poder-judicial-rinde-informe-este-lunes-sera-de-manera-virtual","status":"publish","type":"post","link":"https:\/\/zonaroja.com.mx\/?p=21221","title":{"rendered":"Titular del Poder Judicial rinde informe este lunes; ser\u00e1 de manera virtual"},"content":{"rendered":"\n<p>Redacci\u00f3n\/Zona Roja.<\/p>\n\n\n\n<p>Oaxaca de Ju\u00e1rez, Oax., 14 de diciembre de 2020.- Este lunes 14 de diciembre, en sesi\u00f3n solemne conjunta del Pleno del Tribunal Superior de Justicia y del Consejo de la Judicatura, el magistrado Eduardo Pinacho S\u00e1nchez rendir\u00e1 su Informe de Actividades 2020, en cumplimiento a lo dispuesto por la fracci\u00f3n 13 del art\u00edculo 17 de la Ley Org\u00e1nica del Poder Judicial del Estado.<\/p>\n\n\n\n<p>La Corporaci\u00f3n Oaxaque\u00f1a de Radio y Televisi\u00f3n (CORTV) transmitir\u00e1 en vivo a trav\u00e9s de sus redes sociales la ceremonia en la cual se dar\u00e1 cuenta de los logros y avances en la impartici\u00f3n de justicia durante los \u00faltimos doce meses, en los que la innovaci\u00f3n, uso de las tecnolog\u00edas y el desarrollo humano han sido pilares fundamentales.<\/p>\n\n\n\n<p>La sociedad en general podr\u00e1 seguir este evento, a partir de las 13:30 horas, en las redes sociales Facebook de la CORTV <a href=\"https:\/\/www.facebook.com\/cortv\/\" target=\"_blank\" rel=\"noreferrer noopener\">https:\/\/www.facebook.com\/cortv\/<\/a> y del Tribunal Superior de Justicia del Estado <a href=\"https:\/\/www.facebook.com\/TSJOAX\" target=\"_blank\" rel=\"noreferrer noopener\">https:\/\/www.facebook.com\/TSJOAX<\/a>; as\u00ed como twitter @cortv https.\/\/<a href=\"http:\/\/twitter.com\/cortv\" target=\"_blank\" rel=\"noreferrer noopener\">twitter.com\/cortv<\/a> y @TSJOAXACA https\/\/<a href=\"http:\/\/twitter.com\/tsjoaxaca\" target=\"_blank\" rel=\"noreferrer noopener\">twitter.com\/tsjoaxaca<\/a>.<\/p>\n\n\n\n<p>En televisi\u00f3n, el Informe de Actividades ser\u00e1 retransmitido el mismo lunes 14 de diciembre, a las 18:00 horas por la se\u00f1al de CORTV, en el canal 9.1 HD.<\/p>\n\n\n\n<p>Debido a las medidas sanitarias por la pandemia del Covid-19, el Poder Judicial modific\u00f3 el formato del Informe a la modalidad virtual, al ser prioridad el cuidado de la salud y la vida.<\/p>\n","protected":false},"excerpt":{"rendered":"<p>Redacci\u00f3n\/Zona Roja. Oaxaca de Ju\u00e1rez, Oax., 14 de diciembre de 2020.- Este lunes 14 de&hellip;<\/p>\n","protected":false},"author":2,"featured_media":21222,"comment_status":"closed","ping_status":"open","sticky":false,"template":"","format":"standard","meta":{"_lmt_disableupdate":"","_lmt_disable":"","_jetpack_memberships_contains_paid_content":false,"footnotes":""},"categories":[109,46],"tags":[223],"class_list":["post-21221","post","type-post","status-publish","format-standard","has-post-thumbnail","hentry","category-minuto-a-minuto","category-zona-blanca","tag-poder-judicial-de-oaxaca"],"jetpack_featured_media_url":"https:\/\/zonaroja.com.mx\/wp-content\/uploads\/2020\/12\/Magistrado-Eduardo-Pinacho-Sanchez-1.jpg","jetpack_sharing_enabled":true,"_links":{"self":[{"href":"https:\/\/zonaroja.com.mx\/index.php?rest_route=\/wp\/v2\/posts\/21221","targetHints":{"allow":["GET"]}}],"collection":[{"href":"https:\/\/zonaroja.com.mx\/index.php?rest_route=\/wp\/v2\/posts"}],"about":[{"href":"https:\/\/zonaroja.com.mx\/index.php?rest_route=\/wp\/v2\/types\/post"}],"author":[{"embeddable":true,"href":"https:\/\/zonaroja.com.mx\/index.php?rest_route=\/wp\/v2\/users\/2"}],"replies":[{"embeddable":true,"href":"https:\/\/zonaroja.com.mx\/index.php?rest_route=%2Fwp%2Fv2%2Fcomments&post=21221"}],"version-history":[{"count":1,"href":"https:\/\/zonaroja.com.mx\/index.php?rest_route=\/wp\/v2\/posts\/21221\/revisions"}],"predecessor-version":[{"id":21223,"href":"https:\/\/zonaroja.com.mx\/index.php?rest_route=\/wp\/v2\/posts\/21221\/revisions\/21223"}],"wp:featuredmedia":[{"embeddable":true,"href":"https:\/\/zonaroja.com.mx\/index.php?rest_route=\/wp\/v2\/media\/21222"}],"wp:attachment":[{"href":"https:\/\/zonaroja.com.mx\/index.php?rest_route=%2Fwp%2Fv2%2Fmedia&parent=21221"}],"wp:term":[{"taxonomy":"category","embeddable":true,"href":"https:\/\/zonaroja.com.mx\/index.php?rest_route=%2Fwp%2Fv2%2Fcategories&post=21221"},{"taxonomy":"post_tag","embeddable":true,"href":"https:\/\/zonaroja.com.mx\/index.php?rest_route=%2Fwp%2Fv2%2Ftags&post=21221"}],"curies":[{"name":"wp","href":"https:\/\/api.w.org\/{rel}","templated":true}]}}