{"id":21226,"date":"2020-12-14T10:10:43","date_gmt":"2020-12-14T16:10:43","guid":{"rendered":"http:\/\/www.zonaroja.com.mx\/?p=21226"},"modified":"2020-12-14T10:10:48","modified_gmt":"2020-12-14T16:10:48","slug":"soledad-la-cocinera-oaxaquena-cuya-pasion-es-ensenar-la-preparacion-del-mole-negro","status":"publish","type":"post","link":"https:\/\/zonaroja.com.mx\/?p=21226","title":{"rendered":"Soledad, la cocinera oaxaque\u00f1a cuya pasi\u00f3n es ense\u00f1ar la preparaci\u00f3n del mole negro"},"content":{"rendered":"\n<p>Evlin Arag\u00f3n\/Zona Roja.<\/p>\n\n\n\n<p>Oaxaca de Ju\u00e1rez, Oax., 14 de diciembre de 2020.- \u201cQuiero seguir cocinando hasta que mis fuerzas aguanten, esa es mi pasi\u00f3n&#8230; Quiero que alg\u00fan d\u00eda me recuerden, pero me recuerden bien\u201d.&nbsp;<\/p>\n\n\n\n<p>Son las palabras de Soledad Ram\u00edrez Heras, cocinera tradicional oaxaque\u00f1a que a sus 80 a\u00f1os de edad contin\u00faa haciendo lo que m\u00e1s le apasiona, cocinar y ense\u00f1arle a las personas de diferentes partes del mundo la preparaci\u00f3n del mole negro.&nbsp;<\/p>\n\n\n\n<p>Su historia ha sido plasmada en el documental \u201cMi querida Soledad. Boceto biogr\u00e1fico de una cocinera tradicional del Valle de Oaxaca\u201d, realizado por su nieto Oscar Xavier Mart\u00ednez, mejor conocido como Oxama en el \u00e1mbito cultural oaxaque\u00f1o, quien hizo la presentaci\u00f3n este lunes a trav\u00e9s de las redes sociales.&nbsp;&nbsp;<\/p>\n\n\n\n<p>Originaria de Taniche, Ejutla de Crespo, Soledad comenz\u00f3 a cocinar a los nueve a\u00f1os para ayudar a su madre viuda a mantener a la familia.<\/p>\n\n\n\n<p>De adulta se las arregl\u00f3 para inaugurar, en 1967, un peque\u00f1o restaurante llamado \u201cLul\u00fa\u201d que estuvo vigente durante varios a\u00f1os en el centro de la ciudad, actividad que le encant\u00f3, pero que tuvo que dejar para quedarse en casa y cuidar de sus hijos.<\/p>\n\n\n\n<p>Con el tiempo regreso a su pasi\u00f3n y sin importar el esfuerzo que implica la preparaci\u00f3n del mole negro, Soledad lo realiza desde cero, es decir tuesta todos los ingredientes que despu\u00e9s lleve a la molienda, aunque cuenta con su propio metate de piedra herencia de su madre, que presume a quienes la visitan.\u00a0\u00a0<\/p>\n\n\n\n<figure class=\"wp-block-embed-twitter wp-block-embed is-type-rich is-provider-twitter\"><div class=\"wp-block-embed__wrapper\">\n<div class=\"twitter-tweet\"><blockquote class=\"twitter-tweet\" data-lang=\"es\"><p lang=\"es\" dir=\"ltr\">\u00bfConoce a la oaxaque\u00f1a Soledad Ram\u00edrez Heras? Le prepararon un documental, denominado \u201cMi querida Soledad. Boceto biogr\u00e1fico de una cocinera tradicional del valle de Oaxaca\u201d. Aqu\u00ed parte de su historia: <a href=\"https:\/\/t.co\/hBxYNjJZog\">pic.twitter.com\/hBxYNjJZog<\/a><\/p>&mdash; Zona Roja Oaxaca (@MexRoja) <a href=\"https:\/\/twitter.com\/MexRoja\/status\/1338492372678815746?ref_src=twsrc%5Etfw\">14 de diciembre de 2020<\/a><\/blockquote><\/div>\n<\/div><\/figure>\n\n\n\n<p>Y es que durante 20 a\u00f1os ense\u00f1\u00f3 su oficio a viajeros y chefs extranjeros en la escuela de idiomas Instituto Cultural de Oaxaca. Ahora jubilada ofrece lecciones privadas en su casa, ubicadas en las faldas del cerro de Monte Alb\u00e1n, hasta donde llegan de todas partes del mundo.&nbsp;<\/p>\n\n\n\n<p>\u201cHabemos muchas cocineras tradicionales en Oaxaca muy buenas, pero yo lo poco que yo s\u00e9, mis conocimientos que yo aprend\u00ed desde ni\u00f1a, me dio a mi mucha alegr\u00eda y satisfacci\u00f3n ense\u00f1ar, en alg\u00fan lado del mundo para mi es una satisfacci\u00f3n que alguien est\u00e9 cocinando una receta que yo les ense\u00f1\u00e9\u201d, refiere como parte de su historia.&nbsp;<\/p>\n\n\n\n<p>Para Soledad, comerse un mole rico cuesta trabajo, pero vale pena, as\u00ed lo menciona al momento que realiza paso a paso su receta, as\u00ed mismo se muestra agradecida con Dios de permitirle aun estar en la cocina y realizar lo que m\u00e1s disfruta hacer.&nbsp;<\/p>\n\n\n\n<p>Y es que, el tradicional platillo es parte de la historia de Soledad, incluso ella lo prepar\u00f3 para 80 invitados en la celebraci\u00f3n de su propia boda, como lo cont\u00f3 en una entrevista que le hicieron hace unos a\u00f1os. Por ello est\u00e1 decidida a publicar un recetario que permita acceder al proceso completo para su realizaci\u00f3n<\/p>\n\n\n\n<p>El mole de Soledad es tan especial, que, junto con otros elementos fue la inspiraci\u00f3n de la \u201cCumbia del mole\u201d, canci\u00f3n que interpreta la oaxaque\u00f1a Lila Down, particularmente en el verso que refiere: \u201cMi querida Soledad, me va a guisar un molito. Por el cielo de Monte Alb\u00e1n, de noche sue\u00f1o contigo\u201d.&nbsp;<\/p>\n\n\n\n<p>\u201cLila Downs ha venido a la casa, ha comido mi mole, pero no te puedo decir que est\u00e1 dedicada a m\u00ed. Todo el mundo cree que es dedicada a m\u00ed y yo siento bonito, porque todo lo que dice se relaciona a m\u00ed, siento que Lila pens\u00f3 en mi\u201d, dice emocionada Soledad.&nbsp;<\/p>\n\n\n\n<p>El mito es justamente corroborado por la propia cantante que en una breve participaci\u00f3n en el documental asegur\u00f3 que s\u00ed prob\u00f3 el mole de do\u00f1a Soledad y fue una experiencia \u00fanica. \u201cPocas personas entregan el alma a su arte que es la cocina. La \u2018Cumbia del mole\u2019 s\u00ed fue inspirada en ella y en todo el trabajo que realizan las mujeres a la hora de preparar el platillo\u201d, refiri\u00f3.&nbsp;<\/p>\n","protected":false},"excerpt":{"rendered":"<p>Evlin Arag\u00f3n\/Zona Roja. Oaxaca de Ju\u00e1rez, Oax., 14 de diciembre de 2020.- \u201cQuiero seguir cocinando&hellip;<\/p>\n","protected":false},"author":2,"featured_media":21227,"comment_status":"closed","ping_status":"open","sticky":false,"template":"","format":"standard","meta":{"_lmt_disableupdate":"","_lmt_disable":"","_jetpack_memberships_contains_paid_content":false,"footnotes":""},"categories":[109,46],"tags":[2294],"class_list":["post-21226","post","type-post","status-publish","format-standard","has-post-thumbnail","hentry","category-minuto-a-minuto","category-zona-blanca","tag-soledad-ramirez-heras"],"jetpack_featured_media_url":"https:\/\/zonaroja.com.mx\/wp-content\/uploads\/2020\/12\/Soledad-Ramirez-Heras.jpg","jetpack_sharing_enabled":true,"_links":{"self":[{"href":"https:\/\/zonaroja.com.mx\/index.php?rest_route=\/wp\/v2\/posts\/21226","targetHints":{"allow":["GET"]}}],"collection":[{"href":"https:\/\/zonaroja.com.mx\/index.php?rest_route=\/wp\/v2\/posts"}],"about":[{"href":"https:\/\/zonaroja.com.mx\/index.php?rest_route=\/wp\/v2\/types\/post"}],"author":[{"embeddable":true,"href":"https:\/\/zonaroja.com.mx\/index.php?rest_route=\/wp\/v2\/users\/2"}],"replies":[{"embeddable":true,"href":"https:\/\/zonaroja.com.mx\/index.php?rest_route=%2Fwp%2Fv2%2Fcomments&post=21226"}],"version-history":[{"count":1,"href":"https:\/\/zonaroja.com.mx\/index.php?rest_route=\/wp\/v2\/posts\/21226\/revisions"}],"predecessor-version":[{"id":21228,"href":"https:\/\/zonaroja.com.mx\/index.php?rest_route=\/wp\/v2\/posts\/21226\/revisions\/21228"}],"wp:featuredmedia":[{"embeddable":true,"href":"https:\/\/zonaroja.com.mx\/index.php?rest_route=\/wp\/v2\/media\/21227"}],"wp:attachment":[{"href":"https:\/\/zonaroja.com.mx\/index.php?rest_route=%2Fwp%2Fv2%2Fmedia&parent=21226"}],"wp:term":[{"taxonomy":"category","embeddable":true,"href":"https:\/\/zonaroja.com.mx\/index.php?rest_route=%2Fwp%2Fv2%2Fcategories&post=21226"},{"taxonomy":"post_tag","embeddable":true,"href":"https:\/\/zonaroja.com.mx\/index.php?rest_route=%2Fwp%2Fv2%2Ftags&post=21226"}],"curies":[{"name":"wp","href":"https:\/\/api.w.org\/{rel}","templated":true}]}}