{"id":21232,"date":"2020-12-14T10:44:47","date_gmt":"2020-12-14T16:44:47","guid":{"rendered":"http:\/\/www.zonaroja.com.mx\/?p=21232"},"modified":"2020-12-14T10:44:53","modified_gmt":"2020-12-14T16:44:53","slug":"despiden-a-jocelyn-alejandra-en-huajuapan-y-exigen-justicia","status":"publish","type":"post","link":"https:\/\/zonaroja.com.mx\/?p=21232","title":{"rendered":"Despiden a Jocelyn Alejandra en Huajuapan y exigen justicia"},"content":{"rendered":"\n<p>Evlin Arag\u00f3n\/Zona Roja.<\/p>\n\n\n\n<p>Oaxaca de Ju\u00e1rez, Oax., 14 de diciembre de 2020.- \u201cJoselyn hermana, aqu\u00ed est\u00e1 tu manada\u201d, es la consigna que enunciaron integrantes de Marea Verde Mixteca este fin de semana, para acompa\u00f1ar a la familia de Joselyn Alejandra Vargas Ortiz, cuyos restos fueron recibidos hace unos d\u00edas por su familia, tras m\u00e1s de dos a\u00f1os de estar en calidad de desaparecida y confirmarse los estudios de gen\u00e9tica del cuerpo localizado en un barranco.\u00a0<\/p>\n\n\n\n<p>Vestidas de negro, con rosas blancas y entonando la melod\u00eda titulada \u201cCanci\u00f3n sin miedo\u201d de Vivir Quintana, las j\u00f3venes exigieron justicia para Jocelyn, que reci\u00e9n se hab\u00eda graduado de psic\u00f3loga -previo a su desaparici\u00f3n- y exigieron castigo ejemplar para el feminicida.<\/p>\n\n\n\n<p>Cantamos sin miedo, pedimos justicia<\/p>\n\n\n\n<p>Gritamos por cada desaparecida<\/p>\n\n\n\n<p>Que resuene fuerte \u00ab\u00a1nos queremos vivas!\u00bb<\/p>\n\n\n\n<p>Que caiga con fuerza el feminicida.<\/p>\n\n\n\n<p>Previamente, el d\u00eda s\u00e1bado, la familia llev\u00f3 a cabo una ceremonia religiosa para despedir a la joven Jocelyn, a la cual acudieron algunas j\u00f3venes que entonaron la misma canci\u00f3n que se ha convertido en un referente de la lucha feminista en contra de los feminicidios.&nbsp;<\/p>\n\n\n\n<p>Yo todo lo incendio, yo todo lo rompo<\/p>\n\n\n\n<p>Si un d\u00eda alg\u00fan fulano te apaga los ojos<\/p>\n\n\n\n<p>Ya nada me calla, ya todo me sobra<\/p>\n\n\n\n<p>Si tocan a una, respondemos todas.<\/p>\n\n\n\n<figure class=\"wp-block-embed-twitter wp-block-embed is-type-rich is-provider-twitter\"><div class=\"wp-block-embed__wrapper\">\n<div class=\"twitter-tweet\"><blockquote class=\"twitter-tweet\" data-lang=\"es\"><p lang=\"es\" dir=\"ltr\">\u00a1Joselyn, hermana, aqu\u00ed est\u00e1 tu manada! \u00a1Joselyn, hermana, aqu\u00ed est\u00e1 tu manada! <br>As\u00ed fue despedida ayer en <a href=\"https:\/\/twitter.com\/hashtag\/Huajuapan?src=hash&amp;ref_src=twsrc%5Etfw\">#Huajuapan<\/a> de Le\u00f3n, <a href=\"https:\/\/twitter.com\/hashtag\/Oaxaca?src=hash&amp;ref_src=twsrc%5Etfw\">#Oaxaca<\/a>, la joven desaparecida hace m\u00e1s de dos a\u00f1os y cuyos restos fueron entregados la semana pasada a su familia. <a href=\"https:\/\/t.co\/2llLUG6mcF\">pic.twitter.com\/2llLUG6mcF<\/a><\/p>&mdash; Zona Roja Oaxaca (@MexRoja) <a href=\"https:\/\/twitter.com\/MexRoja\/status\/1338524466872274945?ref_src=twsrc%5Etfw\">14 de diciembre de 2020<\/a><\/blockquote><\/div>\n<\/div><\/figure>\n\n\n\n<p>Tambi\u00e9n se dieron a la tarea de difundir el caso, a trav\u00e9s de las redes sociales, en el que pasaron m\u00e1s de dos a\u00f1os para que las autoridades encargadas de la procuraci\u00f3n de justicia capturaran al principal sospechoso de la desaparici\u00f3n y asesinato de la joven, que el 28 de agosto del 2018 decidi\u00f3 salir un rato y jam\u00e1s volvi\u00f3 a casa.<\/p>\n\n\n\n<p>\u201cPueden creer que tardaron DOS A\u00d1OS para dar con su paradero. Porque claro la justicia no funciona en este pa\u00eds y menos si eres mujer y desapareces, ya que tal vez te fuiste con tu novio o t\u00fa te lo buscaste. Usan mil y un pretextos en donde la culpable siempre eres t\u00fa\u201d, postearon en sus redes sociales.&nbsp;<\/p>\n\n\n\n<p>As\u00ed mismo y a manera de homenaje escribieron unas sentidas palabras para exigir justicia para Joselyn que nunca dej\u00f3 de ser buscada por su familia durante los dos a\u00f1os y tres meses que estuvo en calidad de desaparecida.&nbsp;<\/p>\n\n\n\n<p>\u201cNo s\u00e9 qu\u00e9 d\u00eda exactamente me fui, que d\u00eda dej\u00e9 la tierra, a mi familia. S\u00f3lo s\u00e9 que ya estoy a salvo Y nadie m\u00e1s podr\u00e1 hacerme da\u00f1o. Ya no estoy, pero quiero decirles que el d\u00eda que nos dejen de matar por el simple hecho de ser mujer, ese d\u00eda todas ser\u00e1n libres como yo lo soy ahora. Lo cuento yo, porque Joselyn Alejandra Vargas Ortiz ya no puede #JusticiaparaJoselyn\u201d.&nbsp;<\/p>\n\n\n\n<p>Aunque hay pocos detalles al respecto, en Puebla fue detenido V\u00edctor Daniel T.S., acusado de la desaparici\u00f3n y probable feminicidio; se sabe que se encuentra en prisi\u00f3n preventiva y a trav\u00e9s de su abogado solicit\u00f3 una ampliaci\u00f3n del t\u00e9rmino constitucional, por lo que la audiencia inicial se ha postergado.<\/p>\n","protected":false},"excerpt":{"rendered":"<p>Evlin Arag\u00f3n\/Zona Roja. Oaxaca de Ju\u00e1rez, Oax., 14 de diciembre de 2020.- \u201cJoselyn hermana, aqu\u00ed&hellip;<\/p>\n","protected":false},"author":2,"featured_media":21233,"comment_status":"closed","ping_status":"open","sticky":false,"template":"","format":"standard","meta":{"_lmt_disableupdate":"","_lmt_disable":"","_jetpack_memberships_contains_paid_content":false,"footnotes":""},"categories":[109,47],"tags":[2056],"class_list":["post-21232","post","type-post","status-publish","format-standard","has-post-thumbnail","hentry","category-minuto-a-minuto","category-zona-gris","tag-joselyn-alejandra-vargas-ortiz"],"jetpack_featured_media_url":"https:\/\/zonaroja.com.mx\/wp-content\/uploads\/2020\/12\/Feministas-Mixteca-Itzel.jpg","jetpack_sharing_enabled":true,"_links":{"self":[{"href":"https:\/\/zonaroja.com.mx\/index.php?rest_route=\/wp\/v2\/posts\/21232","targetHints":{"allow":["GET"]}}],"collection":[{"href":"https:\/\/zonaroja.com.mx\/index.php?rest_route=\/wp\/v2\/posts"}],"about":[{"href":"https:\/\/zonaroja.com.mx\/index.php?rest_route=\/wp\/v2\/types\/post"}],"author":[{"embeddable":true,"href":"https:\/\/zonaroja.com.mx\/index.php?rest_route=\/wp\/v2\/users\/2"}],"replies":[{"embeddable":true,"href":"https:\/\/zonaroja.com.mx\/index.php?rest_route=%2Fwp%2Fv2%2Fcomments&post=21232"}],"version-history":[{"count":1,"href":"https:\/\/zonaroja.com.mx\/index.php?rest_route=\/wp\/v2\/posts\/21232\/revisions"}],"predecessor-version":[{"id":21234,"href":"https:\/\/zonaroja.com.mx\/index.php?rest_route=\/wp\/v2\/posts\/21232\/revisions\/21234"}],"wp:featuredmedia":[{"embeddable":true,"href":"https:\/\/zonaroja.com.mx\/index.php?rest_route=\/wp\/v2\/media\/21233"}],"wp:attachment":[{"href":"https:\/\/zonaroja.com.mx\/index.php?rest_route=%2Fwp%2Fv2%2Fmedia&parent=21232"}],"wp:term":[{"taxonomy":"category","embeddable":true,"href":"https:\/\/zonaroja.com.mx\/index.php?rest_route=%2Fwp%2Fv2%2Fcategories&post=21232"},{"taxonomy":"post_tag","embeddable":true,"href":"https:\/\/zonaroja.com.mx\/index.php?rest_route=%2Fwp%2Fv2%2Ftags&post=21232"}],"curies":[{"name":"wp","href":"https:\/\/api.w.org\/{rel}","templated":true}]}}