{"id":21235,"date":"2020-12-14T13:38:30","date_gmt":"2020-12-14T19:38:30","guid":{"rendered":"https:\/\/www.zonaroja.com.mx\/?p=21235"},"modified":"2020-12-14T13:38:42","modified_gmt":"2020-12-14T19:38:42","slug":"registra-oaxaca-dos-asesinatos-y-cuantioso-robo-a-casa-de-empeno","status":"publish","type":"post","link":"https:\/\/zonaroja.com.mx\/?p=21235","title":{"rendered":"Registra Oaxaca dos asesinatos y cuantioso robo a casa de empe\u00f1o"},"content":{"rendered":"\n<p class=\"MsoNormal\">Redacci\u00f3n\/Zona Roja.<\/p>\n\n\n\n<p class=\"MsoNormal\">Oaxaca de Ju\u00e1rez, Oax., 14 de diciembre de 2020.-  En el transcurso de las \u00faltimas 12 horas, la violencia en Oaxaca dej\u00f3 como saldo dos asesinatos y un cuantioso robo a negocio.<\/p>\n\n\n\n<p class=\"MsoNormal\">En Santa Cruz Xoxocotl\u00e1n, municipio conurbado a la capital del estado, se report\u00f3 el ataque armado contra una persona del sexo masculino, en la colonia de Reforma Agraria.<\/p>\n\n\n\n<p class=\"MsoNormal\">El informe policial indic\u00f3 que el hecho se registr\u00f3 en las primeras horas de <a href=\"\/\/4\">este lunes<\/a>, en la calle Felipe Carrillo Puerto de dicha colonia, donde un hombre de aproximadamente 34 a\u00f1os result\u00f3 herido y falleci\u00f3 posteriormente por impacto de arma de fuego.<\/p>\n\n\n\n<p class=\"MsoNormal\">Otro hecho violento se registr\u00f3 en la regi\u00f3n de Costa, donde en el municipio de Pinotepa Nacional se registr\u00f3 una confrontaci\u00f3n armada entre dos hombres, del cual uno falleci\u00f3.<\/p>\n\n\n\n<p class=\"MsoNormal\">El reporte preliminar de las autoridades policiales detall\u00f3 que en la comunidad de Mancuernas dos hombres, uno de la tercera edad de 73 a\u00f1os y uno de 37 a\u00f1os, se liaron a balazos cerca <a href=\"\/\/5\">de las 5:00<\/a> horas de <a href=\"\/\/6\">este lunes<\/a> sobre la calle de Flores Mag\u00f3n.<\/p>\n\n\n\n<p class=\"MsoNormal\">En el hecho qued\u00f3 sin vida el adulto mayor identificado como Cristian S.N., quien recibi\u00f3 el impacto de arma de fuego en el pecho, mientras que el m\u00e1s joven result\u00f3 herido en un brazo y abdomen, por lo que recibi\u00f3 atenci\u00f3n m\u00e9dica.<\/p>\n\n\n\n<p class=\"MsoNormal\">Al lugar llegaron integrantes de la Agencia Estatal de Investigaciones para realizar las diligencias correspondientes.<\/p>\n\n\n\n<p class=\"MsoNormal\">ROBO EN CASA DE EMPE\u00d1OS&nbsp;<\/p>\n\n\n\n<p class=\"MsoNormal\">Durante la madrugada de&nbsp;<a href=\"\/\/7\">este lunes<\/a>, en la zona conurbada a la capital, se registr\u00f3 el allanamiento y robo de una casa de empe\u00f1os, de la que sustrajeron una gran cantidad de art\u00edculos que dej\u00f3 casi vac\u00edo el lugar.<\/p>\n\n\n\n<p class=\"MsoNormal\">El hecho ocurri\u00f3 contra un establecimiento de la empresa Empe\u00f1os Mexicanos, en el camino al Rosario, de Santa Luc\u00eda del Camino.&nbsp;<\/p>\n\n\n\n<p class=\"MsoNormal\">De acuerdo con las primeras diligencias, el delito se cometi\u00f3 por medio de una casa de renta que colinda con el negocio, la cual ocuparon para introducirse al inmueble. <\/p>\n\n\n\n<p class=\"MsoNormal\">Del lugar robaron joyas y decenas de art\u00edculos de valor, vaciando pr\u00e1cticamente el local comercial.<\/p>\n","protected":false},"excerpt":{"rendered":"<p>Redacci\u00f3n\/Zona Roja. Oaxaca de Ju\u00e1rez, Oax., 14 de diciembre de 2020.- En el transcurso de&hellip;<\/p>\n","protected":false},"author":2,"featured_media":18321,"comment_status":"closed","ping_status":"open","sticky":false,"template":"","format":"standard","meta":{"_lmt_disableupdate":"","_lmt_disable":"","_jetpack_memberships_contains_paid_content":false,"footnotes":""},"categories":[109,51],"tags":[],"class_list":["post-21235","post","type-post","status-publish","format-standard","has-post-thumbnail","hentry","category-minuto-a-minuto","category-zona-roja"],"jetpack_featured_media_url":"https:\/\/zonaroja.com.mx\/wp-content\/uploads\/2020\/10\/Escena-del-crimen1.jpg","jetpack_sharing_enabled":true,"_links":{"self":[{"href":"https:\/\/zonaroja.com.mx\/index.php?rest_route=\/wp\/v2\/posts\/21235","targetHints":{"allow":["GET"]}}],"collection":[{"href":"https:\/\/zonaroja.com.mx\/index.php?rest_route=\/wp\/v2\/posts"}],"about":[{"href":"https:\/\/zonaroja.com.mx\/index.php?rest_route=\/wp\/v2\/types\/post"}],"author":[{"embeddable":true,"href":"https:\/\/zonaroja.com.mx\/index.php?rest_route=\/wp\/v2\/users\/2"}],"replies":[{"embeddable":true,"href":"https:\/\/zonaroja.com.mx\/index.php?rest_route=%2Fwp%2Fv2%2Fcomments&post=21235"}],"version-history":[{"count":1,"href":"https:\/\/zonaroja.com.mx\/index.php?rest_route=\/wp\/v2\/posts\/21235\/revisions"}],"predecessor-version":[{"id":21236,"href":"https:\/\/zonaroja.com.mx\/index.php?rest_route=\/wp\/v2\/posts\/21235\/revisions\/21236"}],"wp:featuredmedia":[{"embeddable":true,"href":"https:\/\/zonaroja.com.mx\/index.php?rest_route=\/wp\/v2\/media\/18321"}],"wp:attachment":[{"href":"https:\/\/zonaroja.com.mx\/index.php?rest_route=%2Fwp%2Fv2%2Fmedia&parent=21235"}],"wp:term":[{"taxonomy":"category","embeddable":true,"href":"https:\/\/zonaroja.com.mx\/index.php?rest_route=%2Fwp%2Fv2%2Fcategories&post=21235"},{"taxonomy":"post_tag","embeddable":true,"href":"https:\/\/zonaroja.com.mx\/index.php?rest_route=%2Fwp%2Fv2%2Ftags&post=21235"}],"curies":[{"name":"wp","href":"https:\/\/api.w.org\/{rel}","templated":true}]}}