{"id":21238,"date":"2020-12-14T14:06:59","date_gmt":"2020-12-14T20:06:59","guid":{"rendered":"https:\/\/www.zonaroja.com.mx\/?p=21238"},"modified":"2020-12-14T14:07:02","modified_gmt":"2020-12-14T20:07:02","slug":"exigen-a-seglim-pago-a-trabajadores-del-hospital-de-juchitan","status":"publish","type":"post","link":"https:\/\/zonaroja.com.mx\/?p=21238","title":{"rendered":"Exigen a Seglim pago a trabajadores del hospital de Juchit\u00e1n"},"content":{"rendered":"\n<p class=\"MsoNormal\">Evlin Arag\u00f3n\/Zona Roja. <\/p>\n\n\n\n<p class=\"MsoNormal\">Oaxaca de Ju\u00e1rez, Oax., 14 de diciembre de 2020.- Personal de limpieza y seguridad que labora al interior del Hospital General \u201cDr. Macedonio Ben\u00edtez Fuentes\u201d se manifest\u00f3 <a href=\"\/\/0\">este lunes<\/a> a las afueras de nosocomio para reclamar la falta de pagos y apoyo por parte de la empresa Servicios Integrales de Seguridad, Limpieza y Mantenimiento (Seglim).  <\/p>\n\n\n\n<p class=\"MsoNormal\">Con pancartas en mano, alrededor de 60 mujeres y hombres pararon labores <a href=\"\/\/1\">este lunes<\/a> y dieron a conocer que la empresa no les ha cubierto el pago de la prima vacacional, los 20 d\u00edas de aguinaldo y el apoyo por Covid-19, como principales demandas de la clase trabajadora que, desde hace meses, busca mejores laborales.  <\/p>\n\n\n\n<p class=\"MsoNormal\">Y es que de acuerdo con las y los manifestantes, la empresa se ha negado a realizar un aumento salarial, revisar el Contrato Colectivo de Trabajo, transparentar la n\u00f3mina, dotar de seguro permanente, reparto de utilidades, uniformes y equipos de protecci\u00f3n.&nbsp;<\/p>\n\n\n\n<p class=\"MsoNormal\">William Pineda, vocero del personal en protesta, asegur\u00f3 que las demandas no son actuales, vienen haci\u00e9ndolas desde hace cuatro a\u00f1os a las autoridades de Seglim, quienes desde hace un mes no han interpuesto comunicaci\u00f3n con el personal.&nbsp;&nbsp;<\/p>\n\n\n\n<p class=\"MsoNormal\">\u201cTenemos un sueldo muy bajo y el trabajo que estamos realizando es muy riesgoso en estos momentos al interior de los hospitales\u201d, refiri\u00f3 en entrevista para medios regionales de comunicaci\u00f3n.&nbsp;&nbsp;<\/p>\n\n\n\n<p class=\"MsoNormal\">Explic\u00f3 que la empresa ha cambiado de raz\u00f3n social en varias ocasiones con la clara intenci\u00f3n de que su personal no genere antig\u00fcedad y as\u00ed evitar el pago de prestaciones que por ley les corresponder\u00eda, de ah\u00ed que iniciaron un paro de labores indefinido hasta lograr el di\u00e1logo con la empresa.&nbsp;<\/p>\n\n\n\n<p class=\"MsoNormal\">Hasta el momento el Hospital General \u201cDr. Macedonio Ben\u00edtez Fuentes\u201d mantiene sus labores en cuanto atenci\u00f3n m\u00e9dica, sin embargo, el personal de limpieza, fundamental para mantener en \u00f3ptimas condiciones las instalaciones, se mantiene a las afueras del edificio.  <\/p>\n\n\n\n<p class=\"MsoNormal\">El grupo de manifestantes inform\u00f3 que, de no ser atendidos en el transcurso del d\u00eda, se ir\u00edan incorporando m\u00e1s trabajadoras y trabajadores de otros municipios de la regi\u00f3n del Istmo, que se encuentran en las mismas condiciones laborales.&nbsp;&nbsp;<\/p>\n\n\n\n<p class=\"MsoNormal\">Cabe se\u00f1alar que el personal de limpieza y seguridad al interior de los hospitales, no ha dejado de laborar en los \u00faltimos meses, por lo que ha estado en contaste riesgo, al igual que el personal m\u00e9dico, durante la pandemia por Covid-19.  <\/p>\n","protected":false},"excerpt":{"rendered":"<p>Evlin Arag\u00f3n\/Zona Roja. Oaxaca de Ju\u00e1rez, Oax., 14 de diciembre de 2020.- Personal de limpieza&hellip;<\/p>\n","protected":false},"author":2,"featured_media":21237,"comment_status":"closed","ping_status":"open","sticky":false,"template":"","format":"standard","meta":{"_lmt_disableupdate":"","_lmt_disable":"","_jetpack_memberships_contains_paid_content":false,"footnotes":""},"categories":[109,47],"tags":[],"class_list":["post-21238","post","type-post","status-publish","format-standard","has-post-thumbnail","hentry","category-minuto-a-minuto","category-zona-gris"],"jetpack_featured_media_url":"https:\/\/zonaroja.com.mx\/wp-content\/uploads\/2020\/12\/eae77d7f-de35-46cb-b994-47a681ddecc5.jpg","jetpack_sharing_enabled":true,"_links":{"self":[{"href":"https:\/\/zonaroja.com.mx\/index.php?rest_route=\/wp\/v2\/posts\/21238","targetHints":{"allow":["GET"]}}],"collection":[{"href":"https:\/\/zonaroja.com.mx\/index.php?rest_route=\/wp\/v2\/posts"}],"about":[{"href":"https:\/\/zonaroja.com.mx\/index.php?rest_route=\/wp\/v2\/types\/post"}],"author":[{"embeddable":true,"href":"https:\/\/zonaroja.com.mx\/index.php?rest_route=\/wp\/v2\/users\/2"}],"replies":[{"embeddable":true,"href":"https:\/\/zonaroja.com.mx\/index.php?rest_route=%2Fwp%2Fv2%2Fcomments&post=21238"}],"version-history":[{"count":1,"href":"https:\/\/zonaroja.com.mx\/index.php?rest_route=\/wp\/v2\/posts\/21238\/revisions"}],"predecessor-version":[{"id":21239,"href":"https:\/\/zonaroja.com.mx\/index.php?rest_route=\/wp\/v2\/posts\/21238\/revisions\/21239"}],"wp:featuredmedia":[{"embeddable":true,"href":"https:\/\/zonaroja.com.mx\/index.php?rest_route=\/wp\/v2\/media\/21237"}],"wp:attachment":[{"href":"https:\/\/zonaroja.com.mx\/index.php?rest_route=%2Fwp%2Fv2%2Fmedia&parent=21238"}],"wp:term":[{"taxonomy":"category","embeddable":true,"href":"https:\/\/zonaroja.com.mx\/index.php?rest_route=%2Fwp%2Fv2%2Fcategories&post=21238"},{"taxonomy":"post_tag","embeddable":true,"href":"https:\/\/zonaroja.com.mx\/index.php?rest_route=%2Fwp%2Fv2%2Ftags&post=21238"}],"curies":[{"name":"wp","href":"https:\/\/api.w.org\/{rel}","templated":true}]}}