{"id":21241,"date":"2020-12-14T15:17:43","date_gmt":"2020-12-14T21:17:43","guid":{"rendered":"https:\/\/www.zonaroja.com.mx\/?p=21241"},"modified":"2020-12-14T15:17:46","modified_gmt":"2020-12-14T21:17:46","slug":"con-bloqueo-carretero-dicen-no-a-la-mineria-en-oaxaca","status":"publish","type":"post","link":"https:\/\/zonaroja.com.mx\/?p=21241","title":{"rendered":"Con bloqueo carretero, dicen no a la miner\u00eda en Oaxaca"},"content":{"rendered":"\n<p class=\"MsoNormal\">Evlin Arag\u00f3n\/Zona Roja. <\/p>\n\n\n\n<p class=\"MsoNormal\">Oaxaca de Ju\u00e1rez, Oax., 14 de diciembre de 2020.- \u201cAudiencia inmediata con Mar\u00eda Luisa Albores Gonz\u00e1lez. AMLO, cumple tu compromiso\u201d; \u201cLa vida es primero, fuera el proyecto minero\u201d; \u201cEl agua vale m\u00e1s que el oro. No a la miner\u00eda\u201d; \u201cEl pueblo ya eligi\u00f3, el pueblo dijo no a la miner\u00eda\u201d. <\/p>\n\n\n\n<p class=\"MsoNormal\">Son las consignas en las pancartas que portan habitantes de al menos una decena de comunidades adheridas a la Coordinadora de Pueblos Unidos del Valle de Ocotl\u00e1n (CPUVO), quienes desde temprana hora instalaron un bloqueo intermitente en la carretera federal 175, a la altura de Magdalena Ocotl\u00e1n. <\/p>\n\n\n\n<p class=\"MsoNormal\">Lo anterior en exigencia de una audiencia inmediata con la titular de la Secretar\u00eda del Medio Ambiente y Recursos Naturales (Semarnat), Mar\u00eda Luisa Albores Gonz\u00e1lez, con el fin de dialogar en torno a la oposici\u00f3n de los proyectos mineros que desde hace a\u00f1os ha manifestado la poblaci\u00f3n en la zona.&nbsp;<\/p>\n\n\n\n<p class=\"MsoNormal\">De forma particular, piden soluciones a las afectaciones hasta ahora causadas por el proyecto minero \u201cSan Jos\u00e9\u201d de la compa\u00f1\u00eda Cuzcatl\u00e1n, as\u00ed como la negativa a los permisos ambientales de un segundo, ya que traer\u00eda consecuencias mortales para la poblaci\u00f3n en general.  <\/p>\n\n\n\n<p class=\"MsoNormal\">\u201cExigimos negar la autorizaci\u00f3n de la Manifestaci\u00f3n Ambiental, Modalidad Regional del proyecto \u2018San Jos\u00e9 II\u2019, presentada por la compa\u00f1\u00eda Minera Cuzcatl\u00e1n por contener informaci\u00f3n falsa y sesgada respecto de los impactos ambientales del proyecto minero\u201d, refiere el comunicado emitido por el grupo inconforme.  <\/p>\n\n\n\n<p class=\"MsoNormal\">Y es que explicaron que la Semarnat organiz\u00f3 una consulta p\u00fablica expr\u00e9s del proyecto, la cual fue publicada en una Gaceta Oficial Extraordinaria el 13 de noviembre, dando como fecha m\u00e1xima para recibir observaciones el 23 del mismo mes lo cual, en plena temporada de emergencia, representa una acci\u00f3n violenta a sus derechos a la informaci\u00f3n p\u00fablica y participaci\u00f3n ciudadana.&nbsp;&nbsp;<\/p>\n\n\n\n<p class=\"MsoNormal\">As\u00ed mismo, pidieron a las autoridades federales, encabezadas por Andr\u00e9s Manuel L\u00f3pez Obrador, garantizar una protecci\u00f3n efectiva del medio ambiente en los Valles Centrales de Oaxaca y proteger ese derecho frente a los intereses privado de compa\u00f1\u00edas minera.  <\/p>\n\n\n\n<p class=\"MsoNormal\">Lo anterior sin dejar de lado la exigencia de cancelar las concesiones mineras otorgada por la Secretar\u00eda de Econom\u00eda, en los territorios de los Valles Centrales&nbsp;&nbsp;<\/p>\n\n\n\n<p class=\"MsoNormal\">Las comunidades agrarias y municipales organizada en oposici\u00f3n a la miner\u00eda son: Magdalena Ocotl\u00e1n, Monte del Toro, San Mart\u00edn de los Canseco, San Mat\u00edas Chilazoa, Los Ocotes, El Vergel, Santa Catarina Minas, San Nicol\u00e1s Yaxe, y San Dionisio Ocotepec. <\/p>\n","protected":false},"excerpt":{"rendered":"<p>Evlin Arag\u00f3n\/Zona Roja. Oaxaca de Ju\u00e1rez, Oax., 14 de diciembre de 2020.- \u201cAudiencia inmediata con&hellip;<\/p>\n","protected":false},"author":2,"featured_media":21240,"comment_status":"closed","ping_status":"open","sticky":false,"template":"","format":"standard","meta":{"_lmt_disableupdate":"","_lmt_disable":"","_jetpack_memberships_contains_paid_content":false,"footnotes":""},"categories":[109,47],"tags":[],"class_list":["post-21241","post","type-post","status-publish","format-standard","has-post-thumbnail","hentry","category-minuto-a-minuto","category-zona-gris"],"jetpack_featured_media_url":"https:\/\/zonaroja.com.mx\/wp-content\/uploads\/2020\/12\/b43c6340-f581-43a4-8ee0-b7126aa18150.jpg","jetpack_sharing_enabled":true,"_links":{"self":[{"href":"https:\/\/zonaroja.com.mx\/index.php?rest_route=\/wp\/v2\/posts\/21241","targetHints":{"allow":["GET"]}}],"collection":[{"href":"https:\/\/zonaroja.com.mx\/index.php?rest_route=\/wp\/v2\/posts"}],"about":[{"href":"https:\/\/zonaroja.com.mx\/index.php?rest_route=\/wp\/v2\/types\/post"}],"author":[{"embeddable":true,"href":"https:\/\/zonaroja.com.mx\/index.php?rest_route=\/wp\/v2\/users\/2"}],"replies":[{"embeddable":true,"href":"https:\/\/zonaroja.com.mx\/index.php?rest_route=%2Fwp%2Fv2%2Fcomments&post=21241"}],"version-history":[{"count":1,"href":"https:\/\/zonaroja.com.mx\/index.php?rest_route=\/wp\/v2\/posts\/21241\/revisions"}],"predecessor-version":[{"id":21242,"href":"https:\/\/zonaroja.com.mx\/index.php?rest_route=\/wp\/v2\/posts\/21241\/revisions\/21242"}],"wp:featuredmedia":[{"embeddable":true,"href":"https:\/\/zonaroja.com.mx\/index.php?rest_route=\/wp\/v2\/media\/21240"}],"wp:attachment":[{"href":"https:\/\/zonaroja.com.mx\/index.php?rest_route=%2Fwp%2Fv2%2Fmedia&parent=21241"}],"wp:term":[{"taxonomy":"category","embeddable":true,"href":"https:\/\/zonaroja.com.mx\/index.php?rest_route=%2Fwp%2Fv2%2Fcategories&post=21241"},{"taxonomy":"post_tag","embeddable":true,"href":"https:\/\/zonaroja.com.mx\/index.php?rest_route=%2Fwp%2Fv2%2Ftags&post=21241"}],"curies":[{"name":"wp","href":"https:\/\/api.w.org\/{rel}","templated":true}]}}