{"id":2125,"date":"2019-07-09T07:27:51","date_gmt":"2019-07-09T12:27:51","guid":{"rendered":"http:\/\/www.zonaroja.com.mx\/?p=2125"},"modified":"2019-07-09T07:27:53","modified_gmt":"2019-07-09T12:27:53","slug":"ex-titular-de-la-prg-me-extorsiono-asegura-javier-duarte","status":"publish","type":"post","link":"https:\/\/zonaroja.com.mx\/?p=2125","title":{"rendered":"Ex titular de la PRG me extorsion\u00f3, asegura Javier Duarte"},"content":{"rendered":"\n<p>Diario\nREFORMA<\/p>\n\n\n\n<p>Ciudad de\nM\u00e9xico, 9 de julio de 2019.- Javier Duarte afirma que pag\u00f3 una\n\u00abextorsi\u00f3n\u00bb al ex encargado de la Procuradur\u00eda General de la\nRep\u00fablica, Alberto El\u00edas Beltr\u00e1n, para que dejaran en paz a su familia y le\nreclasificaran el delito de delincuencia organizada, lo que implicar\u00eda\nconseguir una sentencia m\u00e1s baja. <\/p>\n\n\n\n<p>En\nentrevista telef\u00f3nica con el peri\u00f3dico REFORMA desde el Reclusorio Norte, el ex\ngobernador de Veracruz dijo que Felipe Mu\u00f1oz V\u00e1zquez, quien hasta el mes pasado\nfuera titular de la Subprocuradur\u00eda de Delitos Federales, tambi\u00e9n fue\nbeneficiario del pago.<\/p>\n\n\n\n<p>Seg\u00fan\nDuarte, a trav\u00e9s de un amigo en com\u00fan, el ex Presidente Enrique Pe\u00f1a Nieto le\nregal\u00f3 una suma de dinero para ayudarlo porque ten\u00eda \u00abcargos de\nconciencia\u00bb por la persecuci\u00f3n que padec\u00eda.<\/p>\n\n\n\n<p>Esos\nrecursos se los entregaron a su hermano Cecil Duarte en una casa de la Ciudad\nde M\u00e9xico y es el mismo dinero con el que se pag\u00f3 la supuesta\n\u00abextorsi\u00f3n\u00bb.<\/p>\n\n\n\n<p>\u00abYo\ndespu\u00e9s le escrib\u00ed una carta al Presidente y le dije &#8216;Presidente, con todo\nrespeto, es algo verdaderamente bizarro, es algo fuera de la realidad lo que\nestoy viviendo, usted me apoya con algo y eso es lo que estoy pag\u00e1ndole, lo que\nme est\u00e1n pidiendo sus propios subalternos'\u00bb, explic\u00f3 Duarte.<\/p>\n\n\n\n<p>\u00abFue\nuna extorsi\u00f3n hacia mi persona donde me amenazaron con la integridad y con la\nvida misma de mi familia, no tuve de otra m\u00e1s que hacer eso. Esto no es un\ncohecho, esto es una extorsi\u00f3n, me extorsionaron: fui extorsionado y tuve que\npagar para que dejaran a mi familia en paz y para que aceptara todas las\npruebas que me fabricaron en mi contra\u00bb.<\/p>\n\n\n\n<p>Duarte\nrefiere que tanto en su salida como en su captura, un personaje clave fue\nMiguel Osorio Chong, pues como Secretario de Gobernaci\u00f3n dice que fue quien le\npidi\u00f3 que solicitara su licencia y con quien negoci\u00f3 su entrega en Guatemala.<\/p>\n\n\n\n<p>\u00abFue\nuna negociaci\u00f3n (la captura), en donde me dijeron &#8216;te tienes que entregar antes\nde la elecci\u00f3n del Estado de M\u00e9xico, porque de lo contrario no va a funcionar.\nY a cambio dejamos a tu familia en paz y t\u00fa te entregas'\u00bb.<\/p>\n\n\n\n<p>Consultado\npor REFORMA, Alberto El\u00edas Beltr\u00e1n, ex encargado de despacho de la PGR, rechaz\u00f3\ncateg\u00f3ricamente haber recibido pago alguno por ning\u00fan proceso judicial, ni por\nel de Javier Duarte ni por alg\u00fan otro.<\/p>\n\n\n\n<p>Asegur\u00f3 que\nla reclasificaci\u00f3n del delito de delincuencia organizada por el de asociaci\u00f3n\ndelictuosa, se realiz\u00f3 en un procedimiento abreviado que solicit\u00f3 la propia\ndefensa legal del ex Gobernador.<\/p>\n","protected":false},"excerpt":{"rendered":"<p>Diario REFORMA Ciudad de M\u00e9xico, 9 de julio de 2019.- Javier Duarte afirma que pag\u00f3&hellip;<\/p>\n","protected":false},"author":2,"featured_media":2126,"comment_status":"closed","ping_status":"open","sticky":false,"template":"","format":"standard","meta":{"_lmt_disableupdate":"","_lmt_disable":"","_jetpack_memberships_contains_paid_content":false,"footnotes":""},"categories":[109,51],"tags":[],"class_list":["post-2125","post","type-post","status-publish","format-standard","has-post-thumbnail","hentry","category-minuto-a-minuto","category-zona-roja"],"jetpack_featured_media_url":"https:\/\/zonaroja.com.mx\/wp-content\/uploads\/2019\/07\/Reforma-Duarte.jpg","jetpack_sharing_enabled":true,"_links":{"self":[{"href":"https:\/\/zonaroja.com.mx\/index.php?rest_route=\/wp\/v2\/posts\/2125","targetHints":{"allow":["GET"]}}],"collection":[{"href":"https:\/\/zonaroja.com.mx\/index.php?rest_route=\/wp\/v2\/posts"}],"about":[{"href":"https:\/\/zonaroja.com.mx\/index.php?rest_route=\/wp\/v2\/types\/post"}],"author":[{"embeddable":true,"href":"https:\/\/zonaroja.com.mx\/index.php?rest_route=\/wp\/v2\/users\/2"}],"replies":[{"embeddable":true,"href":"https:\/\/zonaroja.com.mx\/index.php?rest_route=%2Fwp%2Fv2%2Fcomments&post=2125"}],"version-history":[{"count":1,"href":"https:\/\/zonaroja.com.mx\/index.php?rest_route=\/wp\/v2\/posts\/2125\/revisions"}],"predecessor-version":[{"id":2127,"href":"https:\/\/zonaroja.com.mx\/index.php?rest_route=\/wp\/v2\/posts\/2125\/revisions\/2127"}],"wp:featuredmedia":[{"embeddable":true,"href":"https:\/\/zonaroja.com.mx\/index.php?rest_route=\/wp\/v2\/media\/2126"}],"wp:attachment":[{"href":"https:\/\/zonaroja.com.mx\/index.php?rest_route=%2Fwp%2Fv2%2Fmedia&parent=2125"}],"wp:term":[{"taxonomy":"category","embeddable":true,"href":"https:\/\/zonaroja.com.mx\/index.php?rest_route=%2Fwp%2Fv2%2Fcategories&post=2125"},{"taxonomy":"post_tag","embeddable":true,"href":"https:\/\/zonaroja.com.mx\/index.php?rest_route=%2Fwp%2Fv2%2Ftags&post=2125"}],"curies":[{"name":"wp","href":"https:\/\/api.w.org\/{rel}","templated":true}]}}