{"id":21252,"date":"2020-12-14T20:48:49","date_gmt":"2020-12-15T02:48:49","guid":{"rendered":"http:\/\/www.zonaroja.com.mx\/?p=21252"},"modified":"2020-12-14T20:48:53","modified_gmt":"2020-12-15T02:48:53","slug":"sin-atencion-huelguistas-de-mixistlan-cumplen-una-semana-en-la-capital","status":"publish","type":"post","link":"https:\/\/zonaroja.com.mx\/?p=21252","title":{"rendered":"Sin atenci\u00f3n, huelguistas de Mixistl\u00e1n; cumplen una semana en la capital"},"content":{"rendered":"\n<p>Redacci\u00f3n\/Zona Roja.<\/p>\n\n\n\n<p>Oaxaca de Ju\u00e1rez, Oax., 14 de diciembre de 2020.- Al cumplirse tres d\u00edas de que iniciaron una huelga de hambre en la capital de Oaxaca, habitantes de Santa Mar\u00eda Mixistl\u00e1n Mixe, agencia del municipio Mixistl\u00e1n de la Reforma, anunciaron este lunes que intensificar\u00e1n sus movilizaciones en demanda de las participaciones que el presidente municipal Juan Antonio D\u00edaz se ha negado a entregar, y que debieron ser empleadas para el combate a la pobreza.<\/p>\n\n\n\n<p>\u201cSon al menos cuatro millones 352 mil pesos asignados por la Federaci\u00f3n, y que por ley deben ser destinados a combatir la pobreza extrema y el rezago social, en materia de salud, agua, aguas residuales, mantenimiento de infraestructura, y a la seguridad p\u00fablica\u201d, explic\u00f3 C\u00e9sar Mateos Ben\u00edtez, dirigente de Comuna Oaxaca, quien acompa\u00f1a a la comunidad y tambi\u00e9n est\u00e1 en huelga de hambre.<\/p>\n\n\n\n<p>Explic\u00f3 que adem\u00e1s, de manera arbitraria, el presidente municipal desvi\u00f3 el trazo del camino que se realiza tambi\u00e9n con recursos federales, del programa de pavimentaci\u00f3n con concreto hidr\u00e1ulico de accesos a cabeceras municipales, de manera que dej\u00f3 fuera de los beneficios de esa obra a las y los habitantes de las dos agencias de este municipio.<\/p>\n\n\n\n<p>\u201cEl proyecto que fue aprobado por la SCT y el INPI s\u00ed incluye a las agencias, pero el presidente municipal busca deliberadamente afectar a quienes no son habitantes de la cabecera\u201d, expuso, y se\u00f1al\u00f3 que la infraestructura caminera es tambi\u00e9n un motor del desarrollo social, pues permite a las comunidades el acceso a bienes y servicios que igualmente act\u00faan en el combate a la marginaci\u00f3n y el rezago.<\/p>\n\n\n\n<p>Agreg\u00f3 que tambi\u00e9n demandan la realizaci\u00f3n de una auditor\u00eda a fondo sobre el manejo de los recursos p\u00fablicos por parte del presidente municipal Juan Antonio D\u00edaz, pues ha desviado para beneficio personal el dinero destinado a ese camino, lo cual es evidente dado que durante todo el a\u00f1o avanz\u00f3 solamente 600 metros en la obra, que en su totalidad debe ser de 16 kil\u00f3metros.<\/p>\n\n\n\n<p>Se deben iniciar los procedimientos necesarios para la recuperaci\u00f3n del dinero robado y el castigo a los criminales, indic\u00f3, pues adem\u00e1s \u201clas necesidades de la comunidad se han incrementado por motivo de la contingencia sanitaria, contexto en el cual el robo de ese dinero es un acto absolutamente criminal e inhumano\u201d.<\/p>\n\n\n\n<p>Desde hace una semana, ciudadanas y ciudadanos de la agencia Santa Mar\u00eda Mixistl\u00e1n Mixe, realizan una serie de movilizaciones pac\u00edficas en la ciudad de Oaxaca para demandar la intervenci\u00f3n de las autoridades ante la corrupci\u00f3n del presidente municipal Juan Antonio D\u00edaz.<\/p>\n\n\n\n<p>En las movilizaciones, la comunidad est\u00e1 acompa\u00f1ada por sus autoridades formales, como el propio agente y el secretario de la agencia; de autoridades tradicionales, como el Consejo de Ciudadanos Caracterizados, y de Comuna Oaxaca.<\/p>\n\n\n\n<p>Las acciones han incluido el cierre simb\u00f3lico de oficinas p\u00fablicas y una huelga de hambre iniciada el viernes 11 de diciembre por Cenobio Germ\u00e1n Mar\u00eda, Christopher Su\u00e1rez Ledesma, Hilda P\u00e9rez Orozco, Josefina Mart\u00ednez V\u00e1squez y el propio C\u00e9sar Mateos, y que todav\u00eda hoy contin\u00faa en la Alameda de Le\u00f3n, ante la falta de respuesta de la Secretar\u00eda General de Gobierno (Segego).<\/p>\n","protected":false},"excerpt":{"rendered":"<p>Redacci\u00f3n\/Zona Roja. Oaxaca de Ju\u00e1rez, Oax., 14 de diciembre de 2020.- Al cumplirse tres d\u00edas&hellip;<\/p>\n","protected":false},"author":2,"featured_media":21253,"comment_status":"closed","ping_status":"open","sticky":false,"template":"","format":"standard","meta":{"_lmt_disableupdate":"","_lmt_disable":"","_jetpack_memberships_contains_paid_content":false,"footnotes":""},"categories":[109,47],"tags":[2295],"class_list":["post-21252","post","type-post","status-publish","format-standard","has-post-thumbnail","hentry","category-minuto-a-minuto","category-zona-gris","tag-santa-maria-mixistlan"],"jetpack_featured_media_url":"https:\/\/zonaroja.com.mx\/wp-content\/uploads\/2020\/12\/Protesta-Mixistlan.jpg","jetpack_sharing_enabled":true,"_links":{"self":[{"href":"https:\/\/zonaroja.com.mx\/index.php?rest_route=\/wp\/v2\/posts\/21252","targetHints":{"allow":["GET"]}}],"collection":[{"href":"https:\/\/zonaroja.com.mx\/index.php?rest_route=\/wp\/v2\/posts"}],"about":[{"href":"https:\/\/zonaroja.com.mx\/index.php?rest_route=\/wp\/v2\/types\/post"}],"author":[{"embeddable":true,"href":"https:\/\/zonaroja.com.mx\/index.php?rest_route=\/wp\/v2\/users\/2"}],"replies":[{"embeddable":true,"href":"https:\/\/zonaroja.com.mx\/index.php?rest_route=%2Fwp%2Fv2%2Fcomments&post=21252"}],"version-history":[{"count":1,"href":"https:\/\/zonaroja.com.mx\/index.php?rest_route=\/wp\/v2\/posts\/21252\/revisions"}],"predecessor-version":[{"id":21254,"href":"https:\/\/zonaroja.com.mx\/index.php?rest_route=\/wp\/v2\/posts\/21252\/revisions\/21254"}],"wp:featuredmedia":[{"embeddable":true,"href":"https:\/\/zonaroja.com.mx\/index.php?rest_route=\/wp\/v2\/media\/21253"}],"wp:attachment":[{"href":"https:\/\/zonaroja.com.mx\/index.php?rest_route=%2Fwp%2Fv2%2Fmedia&parent=21252"}],"wp:term":[{"taxonomy":"category","embeddable":true,"href":"https:\/\/zonaroja.com.mx\/index.php?rest_route=%2Fwp%2Fv2%2Fcategories&post=21252"},{"taxonomy":"post_tag","embeddable":true,"href":"https:\/\/zonaroja.com.mx\/index.php?rest_route=%2Fwp%2Fv2%2Ftags&post=21252"}],"curies":[{"name":"wp","href":"https:\/\/api.w.org\/{rel}","templated":true}]}}