{"id":21256,"date":"2020-12-14T21:12:12","date_gmt":"2020-12-15T03:12:12","guid":{"rendered":"http:\/\/www.zonaroja.com.mx\/?p=21256"},"modified":"2020-12-14T21:12:15","modified_gmt":"2020-12-15T03:12:15","slug":"construir-un-sistema-de-justicia-como-oaxaca-lo-merece-eduardo-pinacho","status":"publish","type":"post","link":"https:\/\/zonaroja.com.mx\/?p=21256","title":{"rendered":"Construir un sistema de justicia como Oaxaca lo merece: Eduardo Pinacho"},"content":{"rendered":"\n<p>Redacci\u00f3n\/Zona Roja.<\/p>\n\n\n\n<p>Oaxaca de Ju\u00e1rez, Oax., 14 de diciembre de 2020.- Al rendir su Informe de Actividades 2020, en Sesi\u00f3n Solemne conjunta del Pleno del Tribunal Superior de Justicia y del Consejo de la Judicatura, el titular del Poder Judicial, magistrado Eduardo Pinacho S\u00e1nchez, reiter\u00f3 que los tres poderes del estado persiguen un fin com\u00fan: construir un sistema de justicia como Oaxaca lo merece.<\/p>\n\n\n\n<p>Ante la presencia del gobernador Alejandro Murat Hinojosa y del presidente de la Mesa Directiva de la 64 Legislatura del Congreso del Estado, diputado Arsenio Lorenzo Mej\u00eda Garc\u00eda, asever\u00f3 que en tiempos de normalidad como en tiempos de crisis, esta instituci\u00f3n se encuentra plenamente comprometida con su tarea esencial: la salvaguarda de los derechos humanos, la impartici\u00f3n de justicia y la preservaci\u00f3n del Estado de derecho.<\/p>\n\n\n\n<p>Afirm\u00f3 que \u201cha llegado la hora de reivindicar el concepto de juez y de justicia en Oaxaca, de reinventar el sistema en toda su estructura, de insertarnos en una realidad moderna, pero reconociendo las particularidades de los distintos \u00f3rdenes normativos internos de nuestros pueblos y comunidades\u201d.<\/p>\n\n\n\n<p>Luego de se\u00f1alar que nuestra entidad ha sido cuna del m\u00e1s universal y trascendente de los abogados de Am\u00e9rica, Don Benito Ju\u00e1rez, manifest\u00f3 que ahora siguiendo en esa misma l\u00ednea, Oaxaca se puso a la vanguardia en materia de justicia abierta.<\/p>\n\n\n\n<p>\u201cA trav\u00e9s de un convenio de colaboraci\u00f3n con distintas organizaciones de la sociedad civil, asumimos la tarea de constituir un Consejo Consultivo Ciudadano, el primero en su tipo en un poder judicial de las entidades federativas en M\u00e9xico. Como \u00e9sta, acciones similares se est\u00e1n construyendo con otras organizaciones, y con otro actor central: Las Universidades y Centros de Investigaci\u00f3n\u201d, explic\u00f3.<\/p>\n\n\n\n<p>Puntualiz\u00f3 que se han abierto las puertas de la justicia a la sociedad, ya que incluir mecanismos de participaci\u00f3n ciudadana no supone interferir en las acciones jurisdiccionales, sino de lo que se trata es acercar a la instituci\u00f3n con la ciudadan\u00eda, conjuntar esfuerzos y crear condiciones que permitan evaluar de manera objetiva el desempe\u00f1o del sistema de justicia.<\/p>\n\n\n\n<figure class=\"wp-block-image size-large\"><img decoding=\"async\" width=\"1024\" height=\"682\" src=\"http:\/\/www.zonaroja.com.mx\/wp-content\/uploads\/2020\/12\/04-informe-1024x682.jpg\" alt=\"\" class=\"wp-image-21257\" srcset=\"https:\/\/zonaroja.com.mx\/wp-content\/uploads\/2020\/12\/04-informe-1024x682.jpg 1024w, https:\/\/zonaroja.com.mx\/wp-content\/uploads\/2020\/12\/04-informe-300x200.jpg 300w, https:\/\/zonaroja.com.mx\/wp-content\/uploads\/2020\/12\/04-informe-768x511.jpg 768w, https:\/\/zonaroja.com.mx\/wp-content\/uploads\/2020\/12\/04-informe-1170x779.jpg 1170w, https:\/\/zonaroja.com.mx\/wp-content\/uploads\/2020\/12\/04-informe-585x390.jpg 585w, https:\/\/zonaroja.com.mx\/wp-content\/uploads\/2020\/12\/04-informe-263x175.jpg 263w, https:\/\/zonaroja.com.mx\/wp-content\/uploads\/2020\/12\/04-informe.jpg 1200w\" sizes=\"(max-width: 1024px) 100vw, 1024px\" \/><\/figure>\n\n\n\n<p>TRIBUNAL VIRTUAL<\/p>\n\n\n\n<p>En la ceremonia que se transmiti\u00f3 de manera virtual para la sociedad en general, en cumplimiento a las medidas sanitarias decretadas, el magistrado Pinacho S\u00e1nchez apunt\u00f3 que la pandemia derivada del Covid-19 impuls\u00f3 a acelerar proyectos y dar un salto cualitativo para la materializaci\u00f3n de un Tribunal Virtual.<\/p>\n\n\n\n<p>En su Informe de Actividades, del que previamente se transmiti\u00f3 un video, el titular del Poder Judicial detall\u00f3 los logros alcanzados a trav\u00e9s de cinco ejes fundamentales: Humanizaci\u00f3n de la Justicia; Transparencia y Tribunal Abierto; Derechos Humanos, G\u00e9nero y Pueblos Ind\u00edgenas; Modernizaci\u00f3n digital e infraestructura judicial y Justicia y Covid 19.<\/p>\n\n\n\n<p>Por su parte, el gobernador Alejandro Murat Hinojosa reconoci\u00f3 y felicit\u00f3 el trabajo realizado en los \u00faltimos doce meses en materia de impartici\u00f3n de justicia y refrend\u00f3 su compromiso de trabajar de manera conjunta y en equipo.<\/p>\n\n\n\n<p>\u201cEl equilibrio entre los Poderes no excluye el trabajo en equipo, al contrario, lo fortalece y lo mantiene saludable, pero sobre todo \u00fatil. Me honra ser parte, de manera respetuosa, de la historia de este Poder judicial, que ser\u00e1 recordado en esta administraci\u00f3n por la primera elecci\u00f3n abierta para la elecci\u00f3n del Magistrado Presidente y la primera vez que una mujer encabez\u00f3 esas tareas\u201d, mencion\u00f3.<\/p>\n\n\n\n<p>A la ceremonia acudieron de manera presencial el Fiscal General del Estado, Rub\u00e9n Vasconcelos M\u00e9ndez; la diputada Delfina Elizabeth Guzm\u00e1n D\u00edaz, presidenta de la Junta de Coordinaci\u00f3n Pol\u00edtica (Jucopo) de la 64 Legislatura del estado; el director General de la Defensor\u00eda P\u00fablica del Estado de Oaxaca, Jes\u00fas Gerardo Herrera P\u00e9rez, entre otros invitados especiales.<\/p>\n\n\n\n<p>En informe completo se puede consultar en las redes sociales de la CORTV y del Tribunal Superior de Justicia, as\u00ed como en el link: <\/p>\n\n\n\n<p><a href=\"https:\/\/www.youtube.com\/watch?v=gMeHKLHo4IQ\">https:\/\/www.youtube.com\/watch?v=gMeHKLHo4IQ<\/a><\/p>\n","protected":false},"excerpt":{"rendered":"<p>Redacci\u00f3n\/Zona Roja. Oaxaca de Ju\u00e1rez, Oax., 14 de diciembre de 2020.- Al rendir su Informe&hellip;<\/p>\n","protected":false},"author":2,"featured_media":21258,"comment_status":"closed","ping_status":"open","sticky":false,"template":"","format":"standard","meta":{"_lmt_disableupdate":"","_lmt_disable":"","_jetpack_memberships_contains_paid_content":false,"footnotes":""},"categories":[109,46],"tags":[223],"class_list":["post-21256","post","type-post","status-publish","format-standard","has-post-thumbnail","hentry","category-minuto-a-minuto","category-zona-blanca","tag-poder-judicial-de-oaxaca"],"jetpack_featured_media_url":"https:\/\/zonaroja.com.mx\/wp-content\/uploads\/2020\/12\/6.jpg","jetpack_sharing_enabled":true,"_links":{"self":[{"href":"https:\/\/zonaroja.com.mx\/index.php?rest_route=\/wp\/v2\/posts\/21256","targetHints":{"allow":["GET"]}}],"collection":[{"href":"https:\/\/zonaroja.com.mx\/index.php?rest_route=\/wp\/v2\/posts"}],"about":[{"href":"https:\/\/zonaroja.com.mx\/index.php?rest_route=\/wp\/v2\/types\/post"}],"author":[{"embeddable":true,"href":"https:\/\/zonaroja.com.mx\/index.php?rest_route=\/wp\/v2\/users\/2"}],"replies":[{"embeddable":true,"href":"https:\/\/zonaroja.com.mx\/index.php?rest_route=%2Fwp%2Fv2%2Fcomments&post=21256"}],"version-history":[{"count":1,"href":"https:\/\/zonaroja.com.mx\/index.php?rest_route=\/wp\/v2\/posts\/21256\/revisions"}],"predecessor-version":[{"id":21259,"href":"https:\/\/zonaroja.com.mx\/index.php?rest_route=\/wp\/v2\/posts\/21256\/revisions\/21259"}],"wp:featuredmedia":[{"embeddable":true,"href":"https:\/\/zonaroja.com.mx\/index.php?rest_route=\/wp\/v2\/media\/21258"}],"wp:attachment":[{"href":"https:\/\/zonaroja.com.mx\/index.php?rest_route=%2Fwp%2Fv2%2Fmedia&parent=21256"}],"wp:term":[{"taxonomy":"category","embeddable":true,"href":"https:\/\/zonaroja.com.mx\/index.php?rest_route=%2Fwp%2Fv2%2Fcategories&post=21256"},{"taxonomy":"post_tag","embeddable":true,"href":"https:\/\/zonaroja.com.mx\/index.php?rest_route=%2Fwp%2Fv2%2Ftags&post=21256"}],"curies":[{"name":"wp","href":"https:\/\/api.w.org\/{rel}","templated":true}]}}