{"id":21260,"date":"2020-12-14T21:22:26","date_gmt":"2020-12-15T03:22:26","guid":{"rendered":"http:\/\/www.zonaroja.com.mx\/?p=21260"},"modified":"2020-12-14T21:22:31","modified_gmt":"2020-12-15T03:22:31","slug":"rebasa-oaxaca-los-26-mil-casos-de-personas-contagiadas-de-covid-19","status":"publish","type":"post","link":"https:\/\/zonaroja.com.mx\/?p=21260","title":{"rendered":"Rebasa Oaxaca los 26 mil casos de personas contagiadas de Covid-19"},"content":{"rendered":"\n<p>Redacci\u00f3n\/Zona Roja.<\/p>\n\n\n\n<p>Oaxaca de Ju\u00e1rez, Oax., 14 de diciembre de 2020.- La cifra oficial de contagios acumulados de Covid-19 en Oaxaca ascendi\u00f3 este lunes a 26 mil 011; en tanto, el n\u00famero de fallecimientos sum\u00f3 dos mil 009, seg\u00fan el reporte t\u00e9cnico diario de los Servicios de Salud de Oaxaca (SSO).<\/p>\n\n\n\n<p>En un comunicado, la instituci\u00f3n expuso que desde el inicio de la epidemia en la entidad se han analizado 41 mil 380 pacientes con s\u00edntomas relacionados al coronavirus, tres mil 938 est\u00e1n como sospechosos y 11 mil 431 son negativos, asimismo a la fecha se han dado de alta m\u00e9dica a 23 mil 347 personas.<\/p>\n\n\n\n<p>A\u00f1adi\u00f3 que en la jornada de este 14 de diciembre se reportaron 24 casos nuevos identificados en 11 municipios, Oaxaca de Ju\u00e1rez encabeza la lista con 11 notificaciones, el resto dos y uno; con ello, la cifra de casos activos hasta hoy es de 664, cifra que representa el 2.5% respecto al total de casos positivos acumulados.<\/p>\n\n\n\n<p>Indic\u00f3 que del total de confirmados, 12 mil 073 son mujeres y 13 mil 938 hombres, de los cuales 4 mil 715 han requerido atenci\u00f3n hospitalaria y 21 mil 296 cursaron el padecimiento en aislamiento domiciliario.<\/p>\n\n\n\n<p>Por lo que describi\u00f3 que Valles Centrales acumul\u00f3 17 mil 708 casos positivos y mil 027 muertes; el Istmo dos mil 373 y 323 fallecimientos; Tuxtepec mil 904 y 281 decesos; Mixteca mil 887 y 178 muertes; Costa mil 320 y 127 decesos; Sierra 819 y 73 perdidas fatales.<\/p>\n\n\n\n<p>Refiri\u00f3 que respecto a la atenci\u00f3n m\u00e9dica, al corte de hoy la entidad presenta 33.9% de ocupaci\u00f3n hospitalaria de manera global; por instituci\u00f3n los SSO notificaron 22.5%, el Hospital Regional de Alta Especialidad de Oaxaca (HRAEO) 96%, de la Ni\u00f1ez Oaxaque\u00f1a 33.3%, Sedena 30%, ISSSTE 59.3%, IMSS 31.3%, IMSS-Bienestar 30.1%, Pemex16.7 %, Semar 23.5% y unidades privados 75%.<\/p>\n","protected":false},"excerpt":{"rendered":"<p>Redacci\u00f3n\/Zona Roja. Oaxaca de Ju\u00e1rez, Oax., 14 de diciembre de 2020.- La cifra oficial de&hellip;<\/p>\n","protected":false},"author":2,"featured_media":21261,"comment_status":"closed","ping_status":"open","sticky":false,"template":"","format":"standard","meta":{"_lmt_disableupdate":"","_lmt_disable":"","_jetpack_memberships_contains_paid_content":false,"footnotes":""},"categories":[109,47],"tags":[1512],"class_list":["post-21260","post","type-post","status-publish","format-standard","has-post-thumbnail","hentry","category-minuto-a-minuto","category-zona-gris","tag-coronavirus-oaxaca"],"jetpack_featured_media_url":"https:\/\/zonaroja.com.mx\/wp-content\/uploads\/2020\/12\/SSO-2-1.jpeg","jetpack_sharing_enabled":true,"_links":{"self":[{"href":"https:\/\/zonaroja.com.mx\/index.php?rest_route=\/wp\/v2\/posts\/21260","targetHints":{"allow":["GET"]}}],"collection":[{"href":"https:\/\/zonaroja.com.mx\/index.php?rest_route=\/wp\/v2\/posts"}],"about":[{"href":"https:\/\/zonaroja.com.mx\/index.php?rest_route=\/wp\/v2\/types\/post"}],"author":[{"embeddable":true,"href":"https:\/\/zonaroja.com.mx\/index.php?rest_route=\/wp\/v2\/users\/2"}],"replies":[{"embeddable":true,"href":"https:\/\/zonaroja.com.mx\/index.php?rest_route=%2Fwp%2Fv2%2Fcomments&post=21260"}],"version-history":[{"count":1,"href":"https:\/\/zonaroja.com.mx\/index.php?rest_route=\/wp\/v2\/posts\/21260\/revisions"}],"predecessor-version":[{"id":21262,"href":"https:\/\/zonaroja.com.mx\/index.php?rest_route=\/wp\/v2\/posts\/21260\/revisions\/21262"}],"wp:featuredmedia":[{"embeddable":true,"href":"https:\/\/zonaroja.com.mx\/index.php?rest_route=\/wp\/v2\/media\/21261"}],"wp:attachment":[{"href":"https:\/\/zonaroja.com.mx\/index.php?rest_route=%2Fwp%2Fv2%2Fmedia&parent=21260"}],"wp:term":[{"taxonomy":"category","embeddable":true,"href":"https:\/\/zonaroja.com.mx\/index.php?rest_route=%2Fwp%2Fv2%2Fcategories&post=21260"},{"taxonomy":"post_tag","embeddable":true,"href":"https:\/\/zonaroja.com.mx\/index.php?rest_route=%2Fwp%2Fv2%2Ftags&post=21260"}],"curies":[{"name":"wp","href":"https:\/\/api.w.org\/{rel}","templated":true}]}}