{"id":21263,"date":"2020-12-15T07:44:37","date_gmt":"2020-12-15T13:44:37","guid":{"rendered":"http:\/\/www.zonaroja.com.mx\/?p=21263"},"modified":"2020-12-15T08:12:30","modified_gmt":"2020-12-15T14:12:30","slug":"a-dos-dias-de-comparecencia-fiscalia-detiene-a-uno-por-caso-zayra-leticia","status":"publish","type":"post","link":"https:\/\/zonaroja.com.mx\/?p=21263","title":{"rendered":"A dos d\u00edas de comparecencia, Fiscal\u00eda detiene a uno por caso Zayra Leticia"},"content":{"rendered":"\n<p>Ismael Garc\u00eda M.\/Zona Roja.<\/p>\n\n\n\n<p>Oaxaca de Ju\u00e1rez, Oax., 15 de diciembre de 2020.- A dos d\u00edas de la comparecencia ante el Congreso del Estado de Oaxaca, la Fiscal\u00eda General del Estado detuvo a dos presuntos involucrados en la desaparici\u00f3n de Zayra Leticia Morales Loyola, quien sigue en calidad de desaparecida desde el pasado 23 de octubre.<\/p>\n\n\n\n<p>De acuerdo con los primeros datos de la Vicefiscal\u00eda Regional de la Mixteca, uno de los probables implicados en el delito de desaparici\u00f3n de personas cometida por particulares es Emanuel \u201cN\u201d, conocido como \u201cEl Gavil\u00e1n\u201d, quien fue detenido con base a la orden de aprehensi\u00f3n 289\/2020 y de inmediato fue turnado un juez; el otro a\u00fan no ha sido identificado.<\/p>\n\n\n\n<p>La detenci\u00f3n de Emanuel ocurri\u00f3 ayer por la tarde en Santa Mar\u00eda Xochixtlapilco, agencia de Huajuapan de Le\u00f3n donde hab\u00eda desaparecido Zayra Leticia.<\/p>\n\n\n\n<p>Ma\u00f1ana mi\u00e9rcoles a las 11:00 horas, el fiscal General, Rub\u00e9n Vasconcelos M\u00e9ndez, est\u00e1 citado para comparecer en comisiones, por las omisiones en el caso del asesinato de la fotoperiodista Mar\u00eda del Sol Cruz Jarqu\u00edn y otros casos de feminicidio.<\/p>\n\n\n\n<p>UN EJECUTADO<\/p>\n\n\n\n<p>Por otra parte, de acuerdo con reportes policiales, ayer por la tarde fue asesinado a balazos un individuo en el interior de su vivienda, en Santa Mar\u00eda Mixtequilla, municipio de la regi\u00f3n del Istmo de Tehuantepec.<\/p>\n\n\n\n<p>La v\u00edctima fue identificada como Ernesto L. F., de 37 a\u00f1os de edad, y hasta el momento se desconoce el m\u00f3vil del crimen.<\/p>\n","protected":false},"excerpt":{"rendered":"<p>Ismael Garc\u00eda M.\/Zona Roja. Oaxaca de Ju\u00e1rez, Oax., 15 de diciembre de 2020.- A dos&hellip;<\/p>\n","protected":false},"author":2,"featured_media":21264,"comment_status":"closed","ping_status":"open","sticky":false,"template":"","format":"standard","meta":{"_lmt_disableupdate":"","_lmt_disable":"","_jetpack_memberships_contains_paid_content":false,"footnotes":""},"categories":[109,47],"tags":[2146],"class_list":["post-21263","post","type-post","status-publish","format-standard","has-post-thumbnail","hentry","category-minuto-a-minuto","category-zona-gris","tag-zayra-leticia-morales-loyola"],"jetpack_featured_media_url":"https:\/\/zonaroja.com.mx\/wp-content\/uploads\/2020\/12\/Emanuel-caso-Zayra.jpg","jetpack_sharing_enabled":true,"_links":{"self":[{"href":"https:\/\/zonaroja.com.mx\/index.php?rest_route=\/wp\/v2\/posts\/21263","targetHints":{"allow":["GET"]}}],"collection":[{"href":"https:\/\/zonaroja.com.mx\/index.php?rest_route=\/wp\/v2\/posts"}],"about":[{"href":"https:\/\/zonaroja.com.mx\/index.php?rest_route=\/wp\/v2\/types\/post"}],"author":[{"embeddable":true,"href":"https:\/\/zonaroja.com.mx\/index.php?rest_route=\/wp\/v2\/users\/2"}],"replies":[{"embeddable":true,"href":"https:\/\/zonaroja.com.mx\/index.php?rest_route=%2Fwp%2Fv2%2Fcomments&post=21263"}],"version-history":[{"count":4,"href":"https:\/\/zonaroja.com.mx\/index.php?rest_route=\/wp\/v2\/posts\/21263\/revisions"}],"predecessor-version":[{"id":21274,"href":"https:\/\/zonaroja.com.mx\/index.php?rest_route=\/wp\/v2\/posts\/21263\/revisions\/21274"}],"wp:featuredmedia":[{"embeddable":true,"href":"https:\/\/zonaroja.com.mx\/index.php?rest_route=\/wp\/v2\/media\/21264"}],"wp:attachment":[{"href":"https:\/\/zonaroja.com.mx\/index.php?rest_route=%2Fwp%2Fv2%2Fmedia&parent=21263"}],"wp:term":[{"taxonomy":"category","embeddable":true,"href":"https:\/\/zonaroja.com.mx\/index.php?rest_route=%2Fwp%2Fv2%2Fcategories&post=21263"},{"taxonomy":"post_tag","embeddable":true,"href":"https:\/\/zonaroja.com.mx\/index.php?rest_route=%2Fwp%2Fv2%2Ftags&post=21263"}],"curies":[{"name":"wp","href":"https:\/\/api.w.org\/{rel}","templated":true}]}}