{"id":21266,"date":"2020-12-15T07:57:56","date_gmt":"2020-12-15T13:57:56","guid":{"rendered":"http:\/\/www.zonaroja.com.mx\/?p=21266"},"modified":"2020-12-15T07:58:00","modified_gmt":"2020-12-15T13:58:00","slug":"dario-castillejos-lo-hace-de-nuevo-ahora-es-reconocido-por-forbes","status":"publish","type":"post","link":"https:\/\/zonaroja.com.mx\/?p=21266","title":{"rendered":"Dar\u00edo Castillejos lo hace de nuevo; ahora es reconocido por Forbes"},"content":{"rendered":"\n<p>Yuridiana Sosa\/Zona Roja.<\/p>\n\n\n\n<p>Oaxaca de Ju\u00e1rez, Oax., 15 de diciembre de 2020.- La revista internacional Forbes reconoci\u00f3 el talento creativo del caricaturista oaxaque\u00f1o Dar\u00edo Castillejos, quien se encuentra en la edici\u00f3n de diciembre \u201cLos 100 mexicanos m\u00e1s creativos del 2020\u201d.<\/p>\n\n\n\n<p>El monero dio a conocer este \u00e9xito en sus cuentas de redes sociales este lunes 14 de diciembre, a un d\u00eda de que est\u00e9 disponible el ejemplar, donde comparte espacio con mujeres y hombres dedicados a distintas disciplinas.<\/p>\n\n\n\n<p>\u201cAgradezco a la revista Forbes M\u00e9xico por haberme incluido en la lista de los 100 mexicanos m\u00e1s creativos. Un gusto y una bendici\u00f3n compartir espacio con gente que halla en su labor la pasi\u00f3n e inspiraci\u00f3n cotidiana\u201d, escribi\u00f3 el oaxaque\u00f1o.<\/p>\n\n\n\n<p>El video promocional de esta edici\u00f3n, Dar\u00edo Castillejos describe a la creatividad como \u201cuna pelea que hay que liberar cada d\u00eda; tambi\u00e9n tiene algo de misticismo, algo de romanticismo\u201d.<\/p>\n\n\n\n<p>Forbes dio a conocer que el \u00ab2020 fue un a\u00f1o retador para las industrias creativas, pese a ello, fueron muchos los mexicanos que lograron reconocimientos internacionales y que echaron a andar nuevos proyectos. La distancia social impidi\u00f3 eventos masivos, pero las plataformas tecnol\u00f3gicas hicieron posible el surgimiento de nuevos foros y formatos\u201d.<\/p>\n\n\n\n<p>Pero, durante este a\u00f1o, el caricaturista y premio Nacional de Periodismo en M\u00e9xico en cuatro ocasiones, ha sido reconocido por su trabajo en otras tres ocasiones de forma internacional.<\/p>\n\n\n\n<p>Apenas a inicios de este mes anunci\u00f3 que recibi\u00f3 uno de los premios en el Festival Internacional de Caricatura \u2018Ricardo Rend\u00f3n\u2019 2020 en Colombia; en noviembre, gan\u00f3 el primer premio \u201cGolden Prize\u201d en el certamen HumoDeva en Rumania y en septiembre, recibi\u00f3 el segundo lugar del premio World Press Cartoon 2020, en un evento efectuado en Portugal.<\/p>\n","protected":false},"excerpt":{"rendered":"<p>Yuridiana Sosa\/Zona Roja. Oaxaca de Ju\u00e1rez, Oax., 15 de diciembre de 2020.- La revista internacional&hellip;<\/p>\n","protected":false},"author":2,"featured_media":21267,"comment_status":"closed","ping_status":"open","sticky":false,"template":"","format":"standard","meta":{"_lmt_disableupdate":"","_lmt_disable":"","_jetpack_memberships_contains_paid_content":false,"footnotes":""},"categories":[109,46],"tags":[2185],"class_list":["post-21266","post","type-post","status-publish","format-standard","has-post-thumbnail","hentry","category-minuto-a-minuto","category-zona-blanca","tag-caricaturista-dario-castillejos"],"jetpack_featured_media_url":"https:\/\/zonaroja.com.mx\/wp-content\/uploads\/2020\/12\/Dario-Castillejos.jpg","jetpack_sharing_enabled":true,"_links":{"self":[{"href":"https:\/\/zonaroja.com.mx\/index.php?rest_route=\/wp\/v2\/posts\/21266","targetHints":{"allow":["GET"]}}],"collection":[{"href":"https:\/\/zonaroja.com.mx\/index.php?rest_route=\/wp\/v2\/posts"}],"about":[{"href":"https:\/\/zonaroja.com.mx\/index.php?rest_route=\/wp\/v2\/types\/post"}],"author":[{"embeddable":true,"href":"https:\/\/zonaroja.com.mx\/index.php?rest_route=\/wp\/v2\/users\/2"}],"replies":[{"embeddable":true,"href":"https:\/\/zonaroja.com.mx\/index.php?rest_route=%2Fwp%2Fv2%2Fcomments&post=21266"}],"version-history":[{"count":1,"href":"https:\/\/zonaroja.com.mx\/index.php?rest_route=\/wp\/v2\/posts\/21266\/revisions"}],"predecessor-version":[{"id":21268,"href":"https:\/\/zonaroja.com.mx\/index.php?rest_route=\/wp\/v2\/posts\/21266\/revisions\/21268"}],"wp:featuredmedia":[{"embeddable":true,"href":"https:\/\/zonaroja.com.mx\/index.php?rest_route=\/wp\/v2\/media\/21267"}],"wp:attachment":[{"href":"https:\/\/zonaroja.com.mx\/index.php?rest_route=%2Fwp%2Fv2%2Fmedia&parent=21266"}],"wp:term":[{"taxonomy":"category","embeddable":true,"href":"https:\/\/zonaroja.com.mx\/index.php?rest_route=%2Fwp%2Fv2%2Fcategories&post=21266"},{"taxonomy":"post_tag","embeddable":true,"href":"https:\/\/zonaroja.com.mx\/index.php?rest_route=%2Fwp%2Fv2%2Ftags&post=21266"}],"curies":[{"name":"wp","href":"https:\/\/api.w.org\/{rel}","templated":true}]}}