{"id":21275,"date":"2020-12-15T11:25:55","date_gmt":"2020-12-15T17:25:55","guid":{"rendered":"http:\/\/www.zonaroja.com.mx\/?p=21275"},"modified":"2020-12-15T11:25:59","modified_gmt":"2020-12-15T17:25:59","slug":"siguen-buscando-al-hombre-que-se-le-fugo-a-la-guardia-nacional","status":"publish","type":"post","link":"https:\/\/zonaroja.com.mx\/?p=21275","title":{"rendered":"Siguen buscando al hombre que se le fug\u00f3 a la Guardia Nacional"},"content":{"rendered":"\n<p>Redacci\u00f3n\/Zona Roja.<\/p>\n\n\n\n<p>Oaxaca de Ju\u00e1rez, Oax., 15 de diciembre de 2020.- Con el apoyo de elementos del Heroico Cuerpo de Bomberos, corporaciones policiacas mantienen la b\u00fasqueda del presunto delincuente que se le fug\u00f3 a la Guardia Nacional, el pasado 3 de diciembre.<\/p>\n\n\n\n<p>En terrenos del contorno de la Fiscal\u00eda General de la Rep\u00fablica en Oaxaca, ubicada en San Bartolo Coyotepec, se efectu\u00f3 la b\u00fasqueda en terrenos y carrizales, as\u00ed como en r\u00edo \u201cSalado\u201d, a fin de dar con el cuerpo.<\/p>\n\n\n\n<p>Y es que, para los elementos de la Guardia Nacional y de la Fiscal\u00eda, el hombre habr\u00eda fallecido debido a que fue lesionado de bala cuando se daba a la b\u00fasqueda.<\/p>\n\n\n\n<p>Sin embargo, a dos semanas a\u00fan no ha sido localizado el cuerpo.<\/p>\n\n\n\n<p>Fue el 3 de diciembre al mediod\u00eda en que la Guardia Nacional llevaba a dos detenidos a los juzgados federales ubicados frente al edificio de la Fiscal\u00eda General de la Rep\u00fablica.<\/p>\n\n\n\n<p>Pero en un descuido, los dos sujetos se lograron escapar y s\u00f3lo uno de ellos fue atrapado.<\/p>\n","protected":false},"excerpt":{"rendered":"<p>Redacci\u00f3n\/Zona Roja. Oaxaca de Ju\u00e1rez, Oax., 15 de diciembre de 2020.- Con el apoyo de&hellip;<\/p>\n","protected":false},"author":2,"featured_media":21276,"comment_status":"closed","ping_status":"open","sticky":false,"template":"","format":"standard","meta":{"_lmt_disableupdate":"","_lmt_disable":"","_jetpack_memberships_contains_paid_content":false,"footnotes":""},"categories":[109,47],"tags":[774],"class_list":["post-21275","post","type-post","status-publish","format-standard","has-post-thumbnail","hentry","category-minuto-a-minuto","category-zona-gris","tag-guardia-nacional-oaxaca"],"jetpack_featured_media_url":"https:\/\/zonaroja.com.mx\/wp-content\/uploads\/2020\/12\/Buscan-a-fugado-a-GN.jpg","jetpack_sharing_enabled":true,"_links":{"self":[{"href":"https:\/\/zonaroja.com.mx\/index.php?rest_route=\/wp\/v2\/posts\/21275","targetHints":{"allow":["GET"]}}],"collection":[{"href":"https:\/\/zonaroja.com.mx\/index.php?rest_route=\/wp\/v2\/posts"}],"about":[{"href":"https:\/\/zonaroja.com.mx\/index.php?rest_route=\/wp\/v2\/types\/post"}],"author":[{"embeddable":true,"href":"https:\/\/zonaroja.com.mx\/index.php?rest_route=\/wp\/v2\/users\/2"}],"replies":[{"embeddable":true,"href":"https:\/\/zonaroja.com.mx\/index.php?rest_route=%2Fwp%2Fv2%2Fcomments&post=21275"}],"version-history":[{"count":1,"href":"https:\/\/zonaroja.com.mx\/index.php?rest_route=\/wp\/v2\/posts\/21275\/revisions"}],"predecessor-version":[{"id":21277,"href":"https:\/\/zonaroja.com.mx\/index.php?rest_route=\/wp\/v2\/posts\/21275\/revisions\/21277"}],"wp:featuredmedia":[{"embeddable":true,"href":"https:\/\/zonaroja.com.mx\/index.php?rest_route=\/wp\/v2\/media\/21276"}],"wp:attachment":[{"href":"https:\/\/zonaroja.com.mx\/index.php?rest_route=%2Fwp%2Fv2%2Fmedia&parent=21275"}],"wp:term":[{"taxonomy":"category","embeddable":true,"href":"https:\/\/zonaroja.com.mx\/index.php?rest_route=%2Fwp%2Fv2%2Fcategories&post=21275"},{"taxonomy":"post_tag","embeddable":true,"href":"https:\/\/zonaroja.com.mx\/index.php?rest_route=%2Fwp%2Fv2%2Ftags&post=21275"}],"curies":[{"name":"wp","href":"https:\/\/api.w.org\/{rel}","templated":true}]}}