{"id":21278,"date":"2020-12-15T13:24:54","date_gmt":"2020-12-15T19:24:54","guid":{"rendered":"https:\/\/www.zonaroja.com.mx\/?p=21278"},"modified":"2020-12-15T13:26:27","modified_gmt":"2020-12-15T19:26:27","slug":"congreso-de-oaxaca-demando-no-mas-ambulantes-en-la-capital","status":"publish","type":"post","link":"https:\/\/zonaroja.com.mx\/?p=21278","title":{"rendered":"Congreso de Oaxaca demand\u00f3 no m\u00e1s ambulantes en la capital"},"content":{"rendered":"\n<p class=\"MsoNormal\">Yuridiana Sosa\/Zona Roja. <\/p>\n\n\n\n<p class=\"MsoNormal\">Oaxaca de Ju\u00e1rez, Oax., 15 de diciembre de 2020.- La 64 Legislatura de Oaxaca aprob\u00f3 un exhorto al presidente de la capital del estado, Oswaldo Garc\u00eda Jarqu\u00edn, para que implemente acciones que no permitan la instalaci\u00f3n de nuevos vendedores ambulantes en el Centro Hist\u00f3rico de Oaxaca.<\/p>\n\n\n\n<p class=\"MsoNormal\">En sesi\u00f3n ordinaria, del pasado 10 de diciembre, los legisladores aprobaron con 27 votos el dictamen con Punto de Acuerdo, en el que tambi\u00e9n se demand\u00f3 al edil de Oaxaca de Ju\u00e1rez ejecutar labores de limpieza de las calles.<\/p>\n\n\n\n<p class=\"MsoNormal\">Las autoridades legislativas pidieron que el gobierno municipal capitalino encabezado por Garc\u00eda Jarqu\u00edn establezca limitaciones para la colocaci\u00f3n de m\u00e1s puestos en la v\u00eda p\u00fablica, de los cuales a pesar de la pandemia de Covid-19 se ha visto un incremento.<\/p>\n\n\n\n<p class=\"MsoNormal\">La autoridad municipal qued\u00f3 rebasada el jueves de la semana pasada ante el arribo de decenas de verbeneros de m\u00e1s de 40 organizaciones que, liderados por el ex diputado del PRD, Hugo Jarqu\u00edn se instalaron en la&nbsp;<a href=\"\/\/3\">plaza de la Constituci\u00f3n<\/a>, con la demanda de querer una oportunidad de trabajo.<\/p>\n\n\n\n<p class=\"MsoNormal\">Los comerciantes ambulantes se retiraron despu\u00e9s, tras alcanzar algunos acuerdos con las autoridades, sin embargo, en medio de la contingencia por Cvid-19, esta situaci\u00f3n se ha repetido en la Plaza de Armas por parte de distintos grupos de vendedores, mientras que en las calles de la ciudad capital, han aparecido nuevos puestos. <\/p>\n","protected":false},"excerpt":{"rendered":"<p>Yuridiana Sosa\/Zona Roja. Oaxaca de Ju\u00e1rez, Oax., 15 de diciembre de 2020.- La 64 Legislatura&hellip;<\/p>\n","protected":false},"author":2,"featured_media":20194,"comment_status":"closed","ping_status":"open","sticky":false,"template":"","format":"standard","meta":{"_lmt_disableupdate":"","_lmt_disable":"","_jetpack_memberships_contains_paid_content":false,"footnotes":""},"categories":[109,47],"tags":[],"class_list":["post-21278","post","type-post","status-publish","format-standard","has-post-thumbnail","hentry","category-minuto-a-minuto","category-zona-gris"],"jetpack_featured_media_url":"https:\/\/zonaroja.com.mx\/wp-content\/uploads\/2020\/11\/Ambulantes-ciudad-de-Oaxaca.jpg","jetpack_sharing_enabled":true,"_links":{"self":[{"href":"https:\/\/zonaroja.com.mx\/index.php?rest_route=\/wp\/v2\/posts\/21278","targetHints":{"allow":["GET"]}}],"collection":[{"href":"https:\/\/zonaroja.com.mx\/index.php?rest_route=\/wp\/v2\/posts"}],"about":[{"href":"https:\/\/zonaroja.com.mx\/index.php?rest_route=\/wp\/v2\/types\/post"}],"author":[{"embeddable":true,"href":"https:\/\/zonaroja.com.mx\/index.php?rest_route=\/wp\/v2\/users\/2"}],"replies":[{"embeddable":true,"href":"https:\/\/zonaroja.com.mx\/index.php?rest_route=%2Fwp%2Fv2%2Fcomments&post=21278"}],"version-history":[{"count":1,"href":"https:\/\/zonaroja.com.mx\/index.php?rest_route=\/wp\/v2\/posts\/21278\/revisions"}],"predecessor-version":[{"id":21279,"href":"https:\/\/zonaroja.com.mx\/index.php?rest_route=\/wp\/v2\/posts\/21278\/revisions\/21279"}],"wp:featuredmedia":[{"embeddable":true,"href":"https:\/\/zonaroja.com.mx\/index.php?rest_route=\/wp\/v2\/media\/20194"}],"wp:attachment":[{"href":"https:\/\/zonaroja.com.mx\/index.php?rest_route=%2Fwp%2Fv2%2Fmedia&parent=21278"}],"wp:term":[{"taxonomy":"category","embeddable":true,"href":"https:\/\/zonaroja.com.mx\/index.php?rest_route=%2Fwp%2Fv2%2Fcategories&post=21278"},{"taxonomy":"post_tag","embeddable":true,"href":"https:\/\/zonaroja.com.mx\/index.php?rest_route=%2Fwp%2Fv2%2Ftags&post=21278"}],"curies":[{"name":"wp","href":"https:\/\/api.w.org\/{rel}","templated":true}]}}