{"id":21290,"date":"2020-12-15T19:31:16","date_gmt":"2020-12-16T01:31:16","guid":{"rendered":"http:\/\/www.zonaroja.com.mx\/?p=21290"},"modified":"2020-12-15T19:34:06","modified_gmt":"2020-12-16T01:34:06","slug":"dos-oaxaquenas-en-la-lista-de-forbes-reconocen-su-creatividad","status":"publish","type":"post","link":"https:\/\/zonaroja.com.mx\/?p=21290","title":{"rendered":"Dos oaxaque\u00f1as en la lista de Forbes; reconocen su creatividad"},"content":{"rendered":"\n<p>Evlin Arag\u00f3n\/Zona Roja.<\/p>\n\n\n\n<p>Oaxaca de Ju\u00e1rez, Oax., 15 de diciembre de 2020.- Como la \u00faltima c\u00f3mplice de Francisco Toledo fue nombrada la oaxaque\u00f1a Isabel S\u00e1nchez quien, junto con Yalitza Aparicio, fueron reconocidas en la lista 100 Creativos Mexicanos 2020, que dedica su n\u00famero a la sobrevivencia del arte en tiempos pand\u00e9micos.&nbsp;<\/p>\n\n\n\n<p>En la edici\u00f3n que se publica este martes, tambi\u00e9n se reconoce el talento del cartonista oaxaque\u00f1o Dar\u00edo Castillejos.<\/p>\n\n\n\n<p>&nbsp;\u201cFeliz de aparecer en esta edici\u00f3n junto a gente que admiro y respeto\u201d, refiri\u00f3 Isabel S\u00e1nchez en sus redes sociales.&nbsp;<\/p>\n\n\n\n<p>Escultora de oficio y pasi\u00f3n, tiene su taller en San Agust\u00edn, Etla, lugar que tambi\u00e9n tiene como referente a Toledo, quien impuls\u00f3 el Centro de las Artes con sede en la localidad y a quien conoci\u00f3 previamente en el espacio creativo del maestro Claudio Jer\u00f3nimo, un \u00edcono viviente de la cultura oaxaque\u00f1a.<\/p>\n\n\n\n<p>As\u00ed lo relata en la entrevista que le realizaron para la revista Forbes, en donde refiere tuvo la oportunidad de participar en \u201cDuelo\u201d, una exposici\u00f3n que Toledo realiz\u00f3 entre 2015 y 2016, inspirada en los 43 estudiantes desaparecidos de Ayotzinapa, y que marc\u00f3 el regreso del artista oaxaque\u00f1o, despu\u00e9s de d\u00e9cadas de ausencia, a la cer\u00e1mica de alta temperatura.<\/p>\n\n\n\n<p>Su acoplamiento les permiti\u00f3 trabajar juntos de nueva cuenta, ahora en una exposici\u00f3n que ten\u00eda como eje central al oso visto como deidad, donde Isabel aport\u00f3 figuras de l\u00edneas y curvas suaves, pero que no pudo concluirse debido a la muerte de Toledo en 2019.<\/p>\n\n\n\n<p>Aun as\u00ed, la oaxaque\u00f1a es mucho m\u00e1s que su v\u00ednculo con el artista oaxaque\u00f1o; recientemente inaugur\u00f3 una exposici\u00f3n denominada \u201cSurco\u201d, conformada por murales desmontable en cer\u00e1mica, esculturas de mediano formato y azulejos, que se pueden admirar al interior de la galer\u00eda NN, ubicada en el barrio de Jalatlaco<\/p>\n\n\n\n<p>\u201cQueridos Amigos y Amigas\u2026 Estoy muy emocionada y contenta, porque con todo y estos tiempos extra\u00f1os, les present\u00f3 el resultado de un trabajo de mucho tiempo, cuidado y amor. Acompa\u00f1ada de un gran equipo y la incre\u00edble NN Galer\u00eda\u201d cit\u00f3 al respecto en sus redes sociales.&nbsp;<\/p>\n\n\n\n<p>Actualmente forma parte del Colectivo Mujeres de Fuego, iniciativa que nace en la ciudad de Oaxaca con el objetivo de construir alianzas a trav\u00e9s de una red de mujeres emprendedoras de diferentes saberes y haberes, pero que tienen en com\u00fan el trabajo con el fuego.&nbsp;<\/p>\n\n\n\n<p>TAMBI\u00c9N YALITZA<\/p>\n\n\n\n<p>En la lista aparece tambi\u00e9n la oaxaque\u00f1a Yalitza Aparicio, quien en el 2018 ganara fama mundial por su aparici\u00f3n en la multipremiada cinta \u201cRoma\u201d de Alfonso Cuar\u00f3n y que partir de ese momento se ha convertido en una importante activista por los derechos de las mujeres ind\u00edgenas.&nbsp;<\/p>\n\n\n\n<p>Debido a su compromiso con la causa, ha sido embajadora de la Unesco para las Comunidades Ind\u00edgenas y en septiembre pasado fue nombrada vocera por la igualdad en la campa\u00f1a que realiza la prestigiada marca francesa Dior.&nbsp;<\/p>\n\n\n\n<p>Para la oaxaque\u00f1a su participaci\u00f3n busca hacer llegar el mensaje, a todas las personas procedentes de comunidades ind\u00edgenas, que no deben negar sus origines para ser aceptados en la sociedad, ya que es la sociedad la que se debe adaptar a la diversidad.&nbsp;<\/p>\n\n\n\n<p>\u201cPara m\u00ed ser mujer significa ser fuerte, tener siempre la cabeza en alto, porque te digan lo que te digan t\u00fa debes de estar segura de lo que eres capaz, y tambi\u00e9n significa resistencia a todo lo que te tengas que enfrentar\u201d, expresa la joven en el video que forma parte de la campa\u00f1a.<\/p>\n\n\n\n<p>Ambas mujeres, junto con el caricaturista Dar\u00edo Castillejos, representan a Oaxaca en la lista 100 Creativos Mexicanos 2020, de la revista Forbes.<\/p>\n","protected":false},"excerpt":{"rendered":"<p>Evlin Arag\u00f3n\/Zona Roja. Oaxaca de Ju\u00e1rez, Oax., 15 de diciembre de 2020.- Como la \u00faltima&hellip;<\/p>\n","protected":false},"author":2,"featured_media":21292,"comment_status":"closed","ping_status":"open","sticky":false,"template":"","format":"standard","meta":{"_lmt_disableupdate":"","_lmt_disable":"","_jetpack_memberships_contains_paid_content":false,"footnotes":""},"categories":[109,46],"tags":[2296,913],"class_list":["post-21290","post","type-post","status-publish","format-standard","has-post-thumbnail","hentry","category-minuto-a-minuto","category-zona-blanca","tag-isabel-sanchez","tag-yalitza-aparicio-martinez"],"jetpack_featured_media_url":"https:\/\/zonaroja.com.mx\/wp-content\/uploads\/2020\/12\/img_4425.jpg","jetpack_sharing_enabled":true,"_links":{"self":[{"href":"https:\/\/zonaroja.com.mx\/index.php?rest_route=\/wp\/v2\/posts\/21290","targetHints":{"allow":["GET"]}}],"collection":[{"href":"https:\/\/zonaroja.com.mx\/index.php?rest_route=\/wp\/v2\/posts"}],"about":[{"href":"https:\/\/zonaroja.com.mx\/index.php?rest_route=\/wp\/v2\/types\/post"}],"author":[{"embeddable":true,"href":"https:\/\/zonaroja.com.mx\/index.php?rest_route=\/wp\/v2\/users\/2"}],"replies":[{"embeddable":true,"href":"https:\/\/zonaroja.com.mx\/index.php?rest_route=%2Fwp%2Fv2%2Fcomments&post=21290"}],"version-history":[{"count":1,"href":"https:\/\/zonaroja.com.mx\/index.php?rest_route=\/wp\/v2\/posts\/21290\/revisions"}],"predecessor-version":[{"id":21291,"href":"https:\/\/zonaroja.com.mx\/index.php?rest_route=\/wp\/v2\/posts\/21290\/revisions\/21291"}],"wp:featuredmedia":[{"embeddable":true,"href":"https:\/\/zonaroja.com.mx\/index.php?rest_route=\/wp\/v2\/media\/21292"}],"wp:attachment":[{"href":"https:\/\/zonaroja.com.mx\/index.php?rest_route=%2Fwp%2Fv2%2Fmedia&parent=21290"}],"wp:term":[{"taxonomy":"category","embeddable":true,"href":"https:\/\/zonaroja.com.mx\/index.php?rest_route=%2Fwp%2Fv2%2Fcategories&post=21290"},{"taxonomy":"post_tag","embeddable":true,"href":"https:\/\/zonaroja.com.mx\/index.php?rest_route=%2Fwp%2Fv2%2Ftags&post=21290"}],"curies":[{"name":"wp","href":"https:\/\/api.w.org\/{rel}","templated":true}]}}