{"id":21293,"date":"2020-12-15T20:30:07","date_gmt":"2020-12-16T02:30:07","guid":{"rendered":"http:\/\/www.zonaroja.com.mx\/?p=21293"},"modified":"2020-12-15T20:30:13","modified_gmt":"2020-12-16T02:30:13","slug":"presidente-del-tribunal-de-justicia-administrativa-entrego-informe-al-congreso","status":"publish","type":"post","link":"https:\/\/zonaroja.com.mx\/?p=21293","title":{"rendered":"Presidente del Tribunal de Justicia Administrativa entreg\u00f3 informe al Congreso"},"content":{"rendered":"\n<p>Redacci\u00f3n\/Zona Roja.<\/p>\n\n\n\n<p>Oaxaca de Ju\u00e1rez, Oax., 15 de diciembre de 2020.- El presidente de la Mesa Directiva de la 64 Legislatura del Congreso del Estado, Arsenio Mej\u00eda Garc\u00eda, recibi\u00f3 el Informe de Actividades del Tribunal de Justicia Administrativa del Estado de Oaxaca (TJAO).<\/p>\n\n\n\n<p>En este acto de rendici\u00f3n de cuentas, Mej\u00eda Garc\u00eda destac\u00f3 que las legisladoras y legisladores efectuar\u00e1n el an\u00e1lisis responsable con estricto apego y respeto a la divisi\u00f3n de Poderes.<\/p>\n\n\n\n<p>\u201cSeguiremos trabajando en conjunto a favor del estado, porque es ahora cuando e debe demostrar a la ciudadan\u00eda el compromiso con esta\u201d.<\/p>\n\n\n\n<p>En tanto, la presidenta de la Junta de Coordinaci\u00f3n Pol\u00edtica del Congreso local, Delfina Elizabeth Guzm\u00e1n D\u00edaz, inform\u00f3 que trabajar\u00e1n de manera coordinada con magistrados y magistradas, para fortalecer la impartici\u00f3n de justicia en materia administrativa.<\/p>\n\n\n\n<figure class=\"wp-block-embed-twitter wp-block-embed is-type-rich is-provider-twitter\"><div class=\"wp-block-embed__wrapper\">\n<div class=\"twitter-tweet\"><blockquote class=\"twitter-tweet\" data-lang=\"es\"><p lang=\"es\" dir=\"ltr\">De manera virtual, el presidente del Tribunal de Justicia Administrativa del Estado de Oaxaca (<a href=\"https:\/\/twitter.com\/TJAOax?ref_src=twsrc%5Etfw\">@tjaoax<\/a>), Manuel Velasco Alc\u00e1ntara (<a href=\"https:\/\/twitter.com\/manveal_IV?ref_src=twsrc%5Etfw\">@manveal_IV<\/a>), rindi\u00f3 su informe de labores. <br><br>En este enlace puede seguir la transmisi\u00f3n:<br>\ud83d\udc47<a href=\"https:\/\/t.co\/NNLhmlYcgq\">https:\/\/t.co\/NNLhmlYcgq<\/a> <a href=\"https:\/\/t.co\/1s1DXdEZep\">pic.twitter.com\/1s1DXdEZep<\/a><\/p>&mdash; Zona Roja Oaxaca (@MexRoja) <a href=\"https:\/\/twitter.com\/MexRoja\/status\/1338949125551828993?ref_src=twsrc%5Etfw\">15 de diciembre de 2020<\/a><\/blockquote><\/div>\n<\/div><\/figure>\n\n\n\n<p>Abund\u00f3 que una constante demanda social, es que las soluciones del \u00f3rgano jurisdiccional, se realicen de manera responsable e imparcial por parte de los y las juzgadoras, ya que son los encargados de procurar el equilibrio de controversias en apego a la legislaci\u00f3n y los principios generales del derecho.<\/p>\n\n\n\n<p>En su oportunidad, el presidente del Tribunal, magistrado Manuel Velasco Alc\u00e1ntara, reconoci\u00f3 el trabajo del Poder Legislativo en materias importantes para garantizar la justicia administrativa, como lo fue la reciente aprobaci\u00f3n de la Ley Org\u00e1nica del citado organismo.<\/p>\n\n\n\n<p>En el acto protocolario estuvieron las diputadas, Arcelia L\u00f3pez Hern\u00e1ndez, Vicepresidenta de la Mesa Directiva; Maritza Escarlet V\u00e1squez Guerra, Secretaria de la Mesa; Elisa Zepeda Lagunas, presidenta de la Comisi\u00f3n de Procuraci\u00f3n y Administraci\u00f3n de Justicia y el diputado, No\u00e9 Doroteo Castillejos.<\/p>\n\n\n\n<p>Adem\u00e1s, estuvieron la magistrada Ana Mar\u00eda Soledad Cruz Vasconcelos, y los magistrados Pedro Carlos Zamora Mart\u00ednez, Javier Mart\u00edn Villanueva Hern\u00e1ndez, Enrique Pacheco Mart\u00ednez, Abraham Santiago Soriano y Ra\u00fal Palomares Palomino, integrantes de este Tribunal.<\/p>\n","protected":false},"excerpt":{"rendered":"<p>Redacci\u00f3n\/Zona Roja. Oaxaca de Ju\u00e1rez, Oax., 15 de diciembre de 2020.- El presidente de la&hellip;<\/p>\n","protected":false},"author":2,"featured_media":21294,"comment_status":"closed","ping_status":"open","sticky":false,"template":"","format":"standard","meta":{"_lmt_disableupdate":"","_lmt_disable":"","_jetpack_memberships_contains_paid_content":false,"footnotes":""},"categories":[109,46],"tags":[512,2297],"class_list":["post-21293","post","type-post","status-publish","format-standard","has-post-thumbnail","hentry","category-minuto-a-minuto","category-zona-blanca","tag-magistrado-tribunal-de-justicia-administrativa","tag-manuel-velasco-alcantara"],"jetpack_featured_media_url":"https:\/\/zonaroja.com.mx\/wp-content\/uploads\/2020\/12\/FOTO-1.3-Diputado-Arsenio-Mejia-presidente-de-la-Mesa-Directiva-del-Congreso-y-magistrado-Manuel-Velasco-Alcantara-presidente-del-Tribunal-de-Justicia-Administrativa.jpg","jetpack_sharing_enabled":true,"_links":{"self":[{"href":"https:\/\/zonaroja.com.mx\/index.php?rest_route=\/wp\/v2\/posts\/21293","targetHints":{"allow":["GET"]}}],"collection":[{"href":"https:\/\/zonaroja.com.mx\/index.php?rest_route=\/wp\/v2\/posts"}],"about":[{"href":"https:\/\/zonaroja.com.mx\/index.php?rest_route=\/wp\/v2\/types\/post"}],"author":[{"embeddable":true,"href":"https:\/\/zonaroja.com.mx\/index.php?rest_route=\/wp\/v2\/users\/2"}],"replies":[{"embeddable":true,"href":"https:\/\/zonaroja.com.mx\/index.php?rest_route=%2Fwp%2Fv2%2Fcomments&post=21293"}],"version-history":[{"count":1,"href":"https:\/\/zonaroja.com.mx\/index.php?rest_route=\/wp\/v2\/posts\/21293\/revisions"}],"predecessor-version":[{"id":21295,"href":"https:\/\/zonaroja.com.mx\/index.php?rest_route=\/wp\/v2\/posts\/21293\/revisions\/21295"}],"wp:featuredmedia":[{"embeddable":true,"href":"https:\/\/zonaroja.com.mx\/index.php?rest_route=\/wp\/v2\/media\/21294"}],"wp:attachment":[{"href":"https:\/\/zonaroja.com.mx\/index.php?rest_route=%2Fwp%2Fv2%2Fmedia&parent=21293"}],"wp:term":[{"taxonomy":"category","embeddable":true,"href":"https:\/\/zonaroja.com.mx\/index.php?rest_route=%2Fwp%2Fv2%2Fcategories&post=21293"},{"taxonomy":"post_tag","embeddable":true,"href":"https:\/\/zonaroja.com.mx\/index.php?rest_route=%2Fwp%2Fv2%2Ftags&post=21293"}],"curies":[{"name":"wp","href":"https:\/\/api.w.org\/{rel}","templated":true}]}}