{"id":21296,"date":"2020-12-15T21:48:16","date_gmt":"2020-12-16T03:48:16","guid":{"rendered":"http:\/\/www.zonaroja.com.mx\/?p=21296"},"modified":"2020-12-15T21:48:22","modified_gmt":"2020-12-16T03:48:22","slug":"trabajadores-del-maco-reiteran-exigencia-de-pago-de-salarios-vencidos-por-8-meses","status":"publish","type":"post","link":"https:\/\/zonaroja.com.mx\/?p=21296","title":{"rendered":"Trabajadores del MACO reiteran exigencia de pago de salarios vencidos por 8 meses"},"content":{"rendered":"\n<p>Yuridiana Sosa\/Zona Roja.<\/p>\n\n\n\n<p>Oaxaca de Ju\u00e1rez, Oax., 15 de diciembre de 2020.- Trabajadores del Museo de Arte Contempor\u00e1neo de Oaxaca (MACO) denunciaron la falta de sus pagos quincenales, desde hace ocho meses, por parte de la directiva de la asociaci\u00f3n Amigos del MACO, responsables de dicho pago.<\/p>\n\n\n\n<p>Desde el pasado 4 de diciembre, los inconformes colocaron mantas en el acceso al inmueble ubicado en la calle Macedonio Alcal\u00e1 del Centro Hist\u00f3rico de Oaxaca, para exhibir la dif\u00edcil situaci\u00f3n que padecen, pues los encargados de la asociaci\u00f3n que liquida sus salarios ha evitado comunicaci\u00f3n con ellos.<\/p>\n\n\n\n<p>Apuntaron que Amigos del Maco evade su responsabilidad patronal desde el inicio de la contingencia sanitaria.<\/p>\n\n\n\n<p>\u201cPor nuestra parte hemos procurado en la medida de lo posible el cumplir con nuestras responsabilidades como trabajadores, con el fin de no permitir que el MACO cierre sus puertas al p\u00fablico, pues no creemos justo que un museo de tal importancia sufra por las negligencias y falta de acci\u00f3n de una asociaci\u00f3n que no procura inter\u00e9s\u201d, se\u00f1alaron los afectados.<\/p>\n\n\n\n<p>Sin embargo, a pesar de su voluntad, ocho meses sin salarios complica sus condiciones de vida a fin de a\u00f1o, por lo que adem\u00e1s exigieron que el patr\u00f3n cumpla con las prestaciones de ley correspondientes, como es el aguinaldo. Adem\u00e1s, demandaron un trato digno; este mi\u00e9rcoles en conferencia de prensa dar\u00e1n mayores detalles del adeudo que tiene la instituci\u00f3n con ellos.<\/p>\n","protected":false},"excerpt":{"rendered":"<p>Yuridiana Sosa\/Zona Roja. Oaxaca de Ju\u00e1rez, Oax., 15 de diciembre de 2020.- Trabajadores del Museo&hellip;<\/p>\n","protected":false},"author":2,"featured_media":21297,"comment_status":"closed","ping_status":"open","sticky":false,"template":"","format":"standard","meta":{"_lmt_disableupdate":"","_lmt_disable":"","_jetpack_memberships_contains_paid_content":false,"footnotes":""},"categories":[109,46],"tags":[2298],"class_list":["post-21296","post","type-post","status-publish","format-standard","has-post-thumbnail","hentry","category-minuto-a-minuto","category-zona-blanca","tag-museo-de-arte-contemporaneo-de-oaxaca-maco"],"jetpack_featured_media_url":"https:\/\/zonaroja.com.mx\/wp-content\/uploads\/2020\/12\/Protesta-MACO.jpg","jetpack_sharing_enabled":true,"_links":{"self":[{"href":"https:\/\/zonaroja.com.mx\/index.php?rest_route=\/wp\/v2\/posts\/21296","targetHints":{"allow":["GET"]}}],"collection":[{"href":"https:\/\/zonaroja.com.mx\/index.php?rest_route=\/wp\/v2\/posts"}],"about":[{"href":"https:\/\/zonaroja.com.mx\/index.php?rest_route=\/wp\/v2\/types\/post"}],"author":[{"embeddable":true,"href":"https:\/\/zonaroja.com.mx\/index.php?rest_route=\/wp\/v2\/users\/2"}],"replies":[{"embeddable":true,"href":"https:\/\/zonaroja.com.mx\/index.php?rest_route=%2Fwp%2Fv2%2Fcomments&post=21296"}],"version-history":[{"count":1,"href":"https:\/\/zonaroja.com.mx\/index.php?rest_route=\/wp\/v2\/posts\/21296\/revisions"}],"predecessor-version":[{"id":21298,"href":"https:\/\/zonaroja.com.mx\/index.php?rest_route=\/wp\/v2\/posts\/21296\/revisions\/21298"}],"wp:featuredmedia":[{"embeddable":true,"href":"https:\/\/zonaroja.com.mx\/index.php?rest_route=\/wp\/v2\/media\/21297"}],"wp:attachment":[{"href":"https:\/\/zonaroja.com.mx\/index.php?rest_route=%2Fwp%2Fv2%2Fmedia&parent=21296"}],"wp:term":[{"taxonomy":"category","embeddable":true,"href":"https:\/\/zonaroja.com.mx\/index.php?rest_route=%2Fwp%2Fv2%2Fcategories&post=21296"},{"taxonomy":"post_tag","embeddable":true,"href":"https:\/\/zonaroja.com.mx\/index.php?rest_route=%2Fwp%2Fv2%2Ftags&post=21296"}],"curies":[{"name":"wp","href":"https:\/\/api.w.org\/{rel}","templated":true}]}}