{"id":21302,"date":"2020-12-16T07:25:21","date_gmt":"2020-12-16T13:25:21","guid":{"rendered":"http:\/\/www.zonaroja.com.mx\/?p=21302"},"modified":"2020-12-16T07:25:25","modified_gmt":"2020-12-16T13:25:25","slug":"la-impunidad-con-tufo-de-corrupcion","status":"publish","type":"post","link":"https:\/\/zonaroja.com.mx\/?p=21302","title":{"rendered":"La impunidad, con tufo de corrupci\u00f3n"},"content":{"rendered":"\n<p>Sara Lovera<\/p>\n\n\n\n<p>Ciudad de M\u00e9xico.- Durante el proceso electoral del 2 de junio de 2018, sucedi\u00f3 un triple asesinato en Juchit\u00e1n. Fueron asesinadas la fotoperiodista Mar\u00eda del Sol Cruz Jarqu\u00edn, la candidata a regidora Pamela Ter\u00e1n Pineda &#8211;una de las 17 mujeres asesinadas en esa contienda&#8211; y el chofer Adelfo Guerra.<\/p>\n\n\n\n<p>Pasaron ya 30 meses desde aquella ominosa madrugada. No existe investigaci\u00f3n confiable. No hay detenidos. La Fiscal\u00eda General del Estado de Oaxaca: sin respuesta. El 14 de diciembre se llev\u00f3 a cabo lo que se llama audiencia intermedia, suspendida m\u00e1s de una vez.<\/p>\n\n\n\n<p>El 24 de noviembre, la madre de la fotoperiodista, Soledad Jarqu\u00edn Edgar, entreg\u00f3 una carta con 18 mil firmas al presidente Andr\u00e9s Manuel L\u00f3pez Obrador, solicitando que pare el feminicidio. Pens\u00f3 que se abren puertas para la justicia.<\/p>\n\n\n\n<p>El c\u00famulo de irregularidades expone un sinuoso camino a la justicia, reclamada por miles de madres en todo el pa\u00eds. Este asesinato pol\u00edtico sintetiza claramente c\u00f3mo la justicia denegada tiene un tufo de m\u00faltiples complicidades. Injusticia penal y electoral; ejemplo de c\u00f3mo anida la impunidad e intereses inconfesables.<\/p>\n\n\n\n<p>Mire usted, Mar\u00eda del Sol Cruz Jarqu\u00edn \u201ccubr\u00eda las elecciones\u201d. Fue enviada, bajo amenaza de perder su empleo, por el secretario de Asuntos Ind\u00edgenas de Oaxaca, Francisco J. Montero L\u00f3pez, puesto que su hermano Hageo Montero L\u00f3pez buscaba un puesto: \u201cHab\u00eda que apoyarlo\u201d.<\/p>\n\n\n\n<p>El candidato cometi\u00f3 un delito y debi\u00f3 sancionarse por los \u00f3rganos electorales, pero solamente pag\u00f3 la rid\u00edcula cantidad de 90 mil pesos, luego de meses. Hoy anda tan campante como regidor. El gobernador Alejandro Murat Hinojosa tendr\u00eda que haber hecho lo mismo con el funcionario estatal; sin embargo, solo bast\u00f3 con su renuncia.<\/p>\n\n\n\n<p>La madre de Mar\u00eda del Sol abri\u00f3 seis carpetas de investigaci\u00f3n. Nada camina. Prevalece la corrupci\u00f3n, la impunidad y la omisi\u00f3n de las autoridades locales. El colmo, hasta las pertenencias de la fotoperiodista fueron \u201crobadas\u201d.<\/p>\n\n\n\n<p>El presidente mandat\u00f3 a la secretaria de Gobernaci\u00f3n Olga S\u00e1nchez Cordero atender el asunto y analizar el comportamiento del fiscal estatal Rub\u00e9n Vasconcelos M\u00e9ndez, protegido hasta ahora.<\/p>\n\n\n\n<p>Tendr\u00eda que explicar su \u201cineficiencia\u201d e incapacidad. Contrapeso \u00fanico, es el Congreso del Estado, mismo que acord\u00f3 llamarlo a cuentas, pero la mayor\u00eda de Morena est\u00e1 dividida. No se sabe si acudir\u00e1 a la cita obligada. Hay una opacidad \u201cinexplicable\u201d en todo el proceso.<\/p>\n\n\n\n<p>En este doble feminicidio y asesinato hay que preguntar: \u00bfQui\u00e9n protege a los criminales? \u00bfCu\u00e1l es el mar de fondo? En Juchit\u00e1n, la regidur\u00eda por la que compet\u00eda Pamela Ter\u00e1n Pineda es la \u00fanica en M\u00e9xico creada en Juchit\u00e1n para el tema de las energ\u00edas limpias, negocio harto conocido, de intereses millonarios. \u00bfQui\u00e9n o qui\u00e9nes est\u00e1n detr\u00e1s?<\/p>\n\n\n\n<p>En estos tiempos hay deslinde del gobierno federal. S\u00e1nchez Cordero sostiene reiteradamente que la autonom\u00eda de las fiscal\u00edas impide intervenir; mismo argumento del gobernador, consentido del r\u00e9gimen.<\/p>\n\n\n\n<p>Pretexto para no actuar en miles de cr\u00edmenes. Mientras, ah\u00ed est\u00e1 el dolor, la desesperanza, la indignaci\u00f3n. Se abren mesas de di\u00e1logo. Muchas, pero Gobernaci\u00f3n dice no poder intervenir. Entonces, \u00bfqui\u00e9n? \u00bfD\u00f3nde? \u00bfCu\u00e1ndo? Veremos.<\/p>\n","protected":false},"excerpt":{"rendered":"<p>Sara Lovera Ciudad de M\u00e9xico.- Durante el proceso electoral del 2 de junio de 2018,&hellip;<\/p>\n","protected":false},"author":2,"featured_media":21303,"comment_status":"closed","ping_status":"open","sticky":false,"template":"","format":"standard","meta":{"_lmt_disableupdate":"","_lmt_disable":"","_jetpack_memberships_contains_paid_content":false,"footnotes":""},"categories":[456,109],"tags":[1059,2299],"class_list":["post-21302","post","type-post","status-publish","format-standard","has-post-thumbnail","hentry","category-columna","category-minuto-a-minuto","tag-maria-del-sol-cruz-jarquin","tag-sara-lovera"],"jetpack_featured_media_url":"https:\/\/zonaroja.com.mx\/wp-content\/uploads\/2020\/12\/Sara-Lovera.jpg","jetpack_sharing_enabled":true,"_links":{"self":[{"href":"https:\/\/zonaroja.com.mx\/index.php?rest_route=\/wp\/v2\/posts\/21302","targetHints":{"allow":["GET"]}}],"collection":[{"href":"https:\/\/zonaroja.com.mx\/index.php?rest_route=\/wp\/v2\/posts"}],"about":[{"href":"https:\/\/zonaroja.com.mx\/index.php?rest_route=\/wp\/v2\/types\/post"}],"author":[{"embeddable":true,"href":"https:\/\/zonaroja.com.mx\/index.php?rest_route=\/wp\/v2\/users\/2"}],"replies":[{"embeddable":true,"href":"https:\/\/zonaroja.com.mx\/index.php?rest_route=%2Fwp%2Fv2%2Fcomments&post=21302"}],"version-history":[{"count":1,"href":"https:\/\/zonaroja.com.mx\/index.php?rest_route=\/wp\/v2\/posts\/21302\/revisions"}],"predecessor-version":[{"id":21304,"href":"https:\/\/zonaroja.com.mx\/index.php?rest_route=\/wp\/v2\/posts\/21302\/revisions\/21304"}],"wp:featuredmedia":[{"embeddable":true,"href":"https:\/\/zonaroja.com.mx\/index.php?rest_route=\/wp\/v2\/media\/21303"}],"wp:attachment":[{"href":"https:\/\/zonaroja.com.mx\/index.php?rest_route=%2Fwp%2Fv2%2Fmedia&parent=21302"}],"wp:term":[{"taxonomy":"category","embeddable":true,"href":"https:\/\/zonaroja.com.mx\/index.php?rest_route=%2Fwp%2Fv2%2Fcategories&post=21302"},{"taxonomy":"post_tag","embeddable":true,"href":"https:\/\/zonaroja.com.mx\/index.php?rest_route=%2Fwp%2Fv2%2Ftags&post=21302"}],"curies":[{"name":"wp","href":"https:\/\/api.w.org\/{rel}","templated":true}]}}