{"id":21305,"date":"2020-12-16T07:38:49","date_gmt":"2020-12-16T13:38:49","guid":{"rendered":"http:\/\/www.zonaroja.com.mx\/?p=21305"},"modified":"2020-12-16T07:38:52","modified_gmt":"2020-12-16T13:38:52","slug":"impunidad-e-injusticias-el-reclamo-social-para-el-fiscal-ruben-vasconcelos","status":"publish","type":"post","link":"https:\/\/zonaroja.com.mx\/?p=21305","title":{"rendered":"Impunidad e injusticias, el reclamo social para el fiscal Rub\u00e9n Vasconcelos"},"content":{"rendered":"\n<p>Redacci\u00f3n\/Zona Roja.<\/p>\n\n\n\n<p>Oaxaca de Ju\u00e1rez, Oax., 16 de diciembre de 2020.- A tres a\u00f1os y medio, la gesti\u00f3n de Rub\u00e9n Vasconcelos M\u00e9ndez al frente de la Fiscal\u00eda General de Oaxaca est\u00e1 marcada con una serie de hechos delictivos que han recalcado, m\u00e1s que nunca, la violaci\u00f3n al derecho de acceso a la justicia para cientos de familias oaxaque\u00f1as.<\/p>\n\n\n\n<p>Familiares de v\u00edctimas de feminicidios, de desaparici\u00f3n de mujeres y l\u00edderes sociales; genocidios en comunidades ind\u00edgenas, transfeminicidios, entre otros casos, han puesto en evidencia un aparato de justicia basado en aparentes investigaciones, probables actos de corrupci\u00f3n y \u00e1reas inoperantes que dificultan el trabajo.<\/p>\n\n\n\n<p>Este mi\u00e9rcoles el fiscal est\u00e1 citado a comparecer ante la Comisi\u00f3n Permanente de Administraci\u00f3n y Procuraci\u00f3n de Justicia del Congreso de Oaxaca por el feminicidio de la fotoperiodista Mar\u00eda del Sol Cruz Jarqu\u00edn, asesinada hace m\u00e1s de 30 meses.<\/p>\n\n\n\n<p>La 64 Legislatura aprob\u00f3 que durante esta comparecencia, la periodista Soledad Jarqu\u00edn Edgar, madre de la v\u00edctima, lo confronte y cuestiones sobre el caso de su hija, de quien no existen avances en las investigaciones, ni sanciones contra funcionarios involucrados.<\/p>\n\n\n\n<p>M\u00daLTIPLES CASOS<\/p>\n\n\n\n<p>Pero este no es el \u00fanico caso que ha puesto en evidencia la inoperancia de la Fiscal\u00eda y el probable conflicto de intereses para resolver los casos, como lo denunci\u00f3 la familia de Silvia Ivanna Mingo, fallecida tras un accidente automovil\u00edstico en octubre de 2018 mientras estaba acompa\u00f1ada de Alfredo Delgado Cervantes, exl\u00edder juvenil del PRI en Oaxaca e hijo de la entonces delegada de Profeco en Oaxaca, Rebeca Leticia Cervantes Navarro.<\/p>\n\n\n\n<p>En ese mismo a\u00f1o, tambi\u00e9n se registr\u00f3 otro caso que hasta la fecha sigue sin resolverse. Se trata de la muerte del menor de edad, Edward, por probable negligencia m\u00e9dica por parte del m\u00e9dico Luis Alberto P\u00e9rez M\u00e9ndez, quien lleva en libertad su proceso legal.<\/p>\n\n\n\n<p>El galeno fue puesto en libertad tras reclasificarse el delito de homicidio doloso por culposo. Hecho del que en su momento el fiscal dijo que los datos que se presentaron por parte de la FGE eran pruebas suficientes que hicieron que dos jueces distintos declararan la probable responsabilidad del imputado en la comisi\u00f3n del delito. Situaci\u00f3n que al final cambi\u00f3. Este a\u00f1o, los m\u00e9dicos se manifestaron y recordaron que el caso contin\u00faa.<\/p>\n\n\n\n<p>As\u00ed tambi\u00e9n, en noviembre de este a\u00f1o la organizaci\u00f3n social \u201cSol Rojo\u201d exigi\u00f3 la presentaci\u00f3n con vida de su l\u00edder, Ernesto Serna Garc\u00eda, tambi\u00e9n doctor en Derecho y docente de la Universidad Aut\u00f3noma \u201cBenito Ju\u00e1rez\u201d de Oaxaca, desaparecido el 10 de mayo el 2018 en la capital de Oaxaca; \u201cNo hay indagatorias por parte de la Fiscal\u00eda General del Estado\u201d, acus\u00f3.<\/p>\n\n\n\n<p>En la lista de pendientes, tambi\u00e9n se destaca el asesinato de \u00d3scar Cazorla, ultimado a pu\u00f1aladas el pasado 9 de febrero en su domicilio ubicado en Juchit\u00e1n de Zaragoza, asentado en la Carpeta de Investigaci\u00f3n 4495\/FIST\/JUCHIT\u00c1N\/2019.<\/p>\n\n\n\n<p>En el caso del fundador de la asociaci\u00f3n \u201cLas Intr\u00e9pidas Buscadoras del Peligro\u201d, y l\u00edder de la comunidad de la diversidad sexual en Oaxaca, tampoco existen avances, situaci\u00f3n que la familia lament\u00f3.<\/p>\n\n\n\n<p>Pero, a su vez es una se\u00f1al de las pocas garant\u00edas para el respeto de los derechos de la comunidad l\u00e9sbico gay. Situaci\u00f3n que, en las \u00faltimas semanas, de este 2020, tambi\u00e9n se ha agravado con el asesinato de dos mujeres transexuales en la regi\u00f3n de Valles Centrales.<\/p>\n\n\n\n<p>En su momento la Fiscal\u00eda General del Estado indic\u00f3 que la causa de la muerte de la v\u00edctima fue por laceraci\u00f3n de v\u00edscera cardiaca por instrumento punzocortante e inici\u00f3 la Carpeta de Investigaci\u00f3n 4495\/FIST\/JUCHIT\u00c1N\/2019.<\/p>\n\n\n\n<p>MASACRES IMPUNES<\/p>\n\n\n\n<p>Otro de los grandes pendientes en justicia es para las familias de 15 habitantes masacrados en San Mateo del Mar en el Istmo de Tehuantepec, el pasado 21 de junio de este 2020.<\/p>\n\n\n\n<p>Los habitantes afectados, tambi\u00e9n con el problema pol\u00edtico social, se han manifestado en la capital del estado para exigir a la Fiscal\u00eda de Oaxaca investigar y detener a los responsables, quienes a su vez presumen de contar con el respaldo pol\u00edtico de quienes se encuentran en la administraci\u00f3n estatal.<\/p>\n\n\n\n<p>Este a\u00f1o tambi\u00e9n se registraron dos asesinatos de j\u00f3venes donde elementos de las Polic\u00edas Municipales se vieron involucrados, ocurridos en San Pablo Huitzo, de Valles Centrales y en Acatl\u00e1n de P\u00e9rez Figueroa, en la regi\u00f3n de la Cuenca.<\/p>\n\n\n\n<p>El primer caso, ocurri\u00f3 entre los d\u00edas 6 y 7 de mayo, donde otro joven, hermano de la v\u00edctima, sobrevivi\u00f3 a la golpiza y quien al narrar los hechos tambi\u00e9n involucr\u00f3 al s\u00edndico municipal.<\/p>\n\n\n\n<p>En agosto, la 64 Legislatura de Oaxaca decret\u00f3 procedente la renuncia de la S\u00edndico Procuradora Hacendaria de San Pablo Huitzo, Martha Isabel Hern\u00e1ndez Hern\u00e1ndez, presuntamente est\u00e1 involucrada como en la muerte de un joven en su comunidad y agresiones a otro m\u00e1s.<\/p>\n\n\n\n<p>De acuerdo con Jaziel, la noche del 6 de mayo, la sindicatura donde Martha Hern\u00e1ndez orden\u00f3 la agresi\u00f3n que se llev\u00f3 a cabo en la madrugada del 7 de mayo en un paraje a la salida de la comunidad.<\/p>\n\n\n\n<p>La ex funcionaria, seg\u00fan vecinos de Huitzo, abandon\u00f3 la poblaci\u00f3n tras su renuncia y huy\u00f3 hacia los Estados Unidos de Norteam\u00e9rica. Mientras que s\u00f3lo uno de los polic\u00edas fue detenido el 19 de junio en Veracruz.<\/p>\n\n\n\n<p>As\u00ed tambi\u00e9n, sigue impune el asesinato de adolescente de 16 a\u00f1os Alexander Mart\u00ednez G\u00f3mez, asesinado por disparos de arma de fuego el 9 de junio por parte de un elemento de la Polic\u00eda Municipal de Acatl\u00e1n, sin motivos para el ataque.<\/p>\n\n\n\n<p>Pero, a pesar que en el hecho estuvieron involucrados cinco elementos la Polic\u00eda Municipal de Acatl\u00e1n de P\u00e9rez Figueroa, pero s\u00f3lo uno de ellos fue detenido. Su familia mantiene la exigencia de justicia, pues no se ha garantizado la investigaci\u00f3n oportuna que se prometi\u00f3.<\/p>\n\n\n\n<p>A estos delitos se suman la desaparici\u00f3n de decenas de j\u00f3venes que no han sido localizadas y se teme por sus vidas; as\u00ed como ataques y asesinatos de l\u00edderes sociales que han sido motivo de marchas y protestas en distintos puntos de la entidad, sin encontrar respuesta a su demanda.<\/p>\n\n\n\n<p>Adem\u00e1s, desaparici\u00f3n de personas cuyas indagatorias quedaron en suspenso, como sucedi\u00f3 en Santa Mar\u00eda Tlahuitoltepec con un polic\u00eda y un expolic\u00eda, y en San Felipe G\u00fcil\u00e1, entre muchos otros. O el caso del edil de Jalapa de D\u00edaz, Arturo Garc\u00eda, cuyo caso tambi\u00e9n permanece impune, al igual que el cateo realizado previamente a su domicilio.<\/p>\n","protected":false},"excerpt":{"rendered":"<p>Redacci\u00f3n\/Zona Roja. Oaxaca de Ju\u00e1rez, Oax., 16 de diciembre de 2020.- A tres a\u00f1os y&hellip;<\/p>\n","protected":false},"author":2,"featured_media":9000,"comment_status":"closed","ping_status":"open","sticky":false,"template":"","format":"standard","meta":{"_lmt_disableupdate":"","_lmt_disable":"","_jetpack_memberships_contains_paid_content":false,"footnotes":""},"categories":[109,47],"tags":[494,2300],"class_list":["post-21305","post","type-post","status-publish","format-standard","has-post-thumbnail","hentry","category-minuto-a-minuto","category-zona-gris","tag-fiscalia-general-del-estado-de-oaxaca","tag-ruben-vas"],"jetpack_featured_media_url":"https:\/\/zonaroja.com.mx\/wp-content\/uploads\/2020\/02\/Fiscal-Rub\u00e9n-Vasconcelos.png","jetpack_sharing_enabled":true,"_links":{"self":[{"href":"https:\/\/zonaroja.com.mx\/index.php?rest_route=\/wp\/v2\/posts\/21305","targetHints":{"allow":["GET"]}}],"collection":[{"href":"https:\/\/zonaroja.com.mx\/index.php?rest_route=\/wp\/v2\/posts"}],"about":[{"href":"https:\/\/zonaroja.com.mx\/index.php?rest_route=\/wp\/v2\/types\/post"}],"author":[{"embeddable":true,"href":"https:\/\/zonaroja.com.mx\/index.php?rest_route=\/wp\/v2\/users\/2"}],"replies":[{"embeddable":true,"href":"https:\/\/zonaroja.com.mx\/index.php?rest_route=%2Fwp%2Fv2%2Fcomments&post=21305"}],"version-history":[{"count":1,"href":"https:\/\/zonaroja.com.mx\/index.php?rest_route=\/wp\/v2\/posts\/21305\/revisions"}],"predecessor-version":[{"id":21306,"href":"https:\/\/zonaroja.com.mx\/index.php?rest_route=\/wp\/v2\/posts\/21305\/revisions\/21306"}],"wp:featuredmedia":[{"embeddable":true,"href":"https:\/\/zonaroja.com.mx\/index.php?rest_route=\/wp\/v2\/media\/9000"}],"wp:attachment":[{"href":"https:\/\/zonaroja.com.mx\/index.php?rest_route=%2Fwp%2Fv2%2Fmedia&parent=21305"}],"wp:term":[{"taxonomy":"category","embeddable":true,"href":"https:\/\/zonaroja.com.mx\/index.php?rest_route=%2Fwp%2Fv2%2Fcategories&post=21305"},{"taxonomy":"post_tag","embeddable":true,"href":"https:\/\/zonaroja.com.mx\/index.php?rest_route=%2Fwp%2Fv2%2Ftags&post=21305"}],"curies":[{"name":"wp","href":"https:\/\/api.w.org\/{rel}","templated":true}]}}