{"id":21307,"date":"2020-12-16T08:00:58","date_gmt":"2020-12-16T14:00:58","guid":{"rendered":"http:\/\/www.zonaroja.com.mx\/?p=21307"},"modified":"2020-12-16T08:01:03","modified_gmt":"2020-12-16T14:01:03","slug":"cuadernos-de-la-pandemia-cierra-el-ano-con-un-corte-de-caja-a-la-contingencia","status":"publish","type":"post","link":"https:\/\/zonaroja.com.mx\/?p=21307","title":{"rendered":"\u201cCuadernos de la Pandemia\u201d cierra el a\u00f1o con un corte de caja a la contingencia"},"content":{"rendered":"\n<p>Evlin Arag\u00f3n\/Zona Roja.<\/p>\n\n\n\n<p>Oaxaca de Ju\u00e1rez, Oax., 16 de diciembre de 2020.- Con un corte de caja sobre las omisiones y pendientes de los poderes Ejecutivo y Legislativo en torno a las acciones implementadas por la contingencia sanitaria, as\u00ed cierra el a\u00f1o \u201cCuadernos de la Pandemia\u201d, publicaci\u00f3n que se dio a la tarea de hacer un registro del momento hist\u00f3rico actual.<\/p>\n\n\n\n<p>En su m\u00e1s reciente n\u00famero, plantea la vinculaci\u00f3n de la pandemia con las diversas expresiones de violencia social y pol\u00edtica, la crisis ambiental y la necesidad de salir en defensa de la naturaleza y las restricciones que habr\u00e1n de estar presentes en las celebraciones religiosas y sociales de Navidad y a\u00f1o nuevo.<\/p>\n\n\n\n<p>Y es que, aunque la vacuna ya es una realidad, lo anterior no significa el fin de la pesadilla, ya que habr\u00e1 que permaneces en estado de alerta m\u00e1xima los primeros cuatro o cinco meses del 2021 para descartar todo riesgo sanitario, derivado de la aplicaci\u00f3n del ant\u00eddoto.&nbsp;<\/p>\n\n\n\n<p>Por lo anterior \u2013refiere&#8211;, ser\u00e1 necesario seguir atentos al comportamiento de los gobiernos, de la propia sociedad y de los actores pol\u00edticos que ya empiezan a ganar la calle y los foros p\u00fablico para promover su oferta electoral con miras a los comicios del 2021.<\/p>\n\n\n\n<p>Y aunque advierte un replanteamiento en la publicaci\u00f3n, a partir del mes de febrero, mantiene la l\u00ednea de presentar temas de inter\u00e9s social, que reflejen la realidad de Oaxaca en momentos de una pandemia mundial que ha cobrado la vida de m\u00e1s de dos mil personas, en nuestro territorio.&nbsp;<\/p>\n\n\n\n<p>Los textos de esta d\u00e9cimo s\u00e9ptima edici\u00f3n son: \u201cUn Congreso rebasado por la pandemia y el Poder Ejecutivo\u201d; \u201cCorrupci\u00f3n gubernamental, el verdadero milagro oaxaque\u00f1o\u201d; \u201cLas transformaciones que le hacen falta a Oaxaca\u201d; \u201c\u2019Cuadernos de la Pandemia\u2019: Punto y seguido o punto y final\u201d; \u201cBarra de la Cruz, una comunidad productiva y libre de Covid-19\u201d; \u201cEnsayo (en pasado y presente) sobre la violencia\u201d; \u201cCrisis ambiental: Es tiempo de cambios\u201d; \u201cM\u00e9xico: Naciones originarias y pandemia\u201d.<\/p>\n\n\n\n<p>\u201cLa alegr\u00eda de vivir con acciones peque\u00f1as\u201d; \u201cUna Navidad sin ceremonias y fiestas comunitarias\u201d; \u201cPandemia bisiesta\u201d; \u201cFocos rojos y luces navide\u00f1as\u201d; \u201cEl s\u00edndrome de Alicia\u201d; \u201c\u2019El oto\u00f1o de la palabra\u2019, un acercamiento a la naturaleza\u201d; \u201cMucio, su abuelo y los c\u00f3mics de ayer\u201d; \u201cRam\u00edrez Galv\u00e1n: un recorrido por su vida como m\u00e9dico y docente universitario\u201d; as\u00ed como la Miscel\u00e1nea pand\u00e9mica y el ensayo fotogr\u00e1fico, tambi\u00e9n forman parte de la publicaci\u00f3n.&nbsp;<\/p>\n\n\n\n<p>Mientras que las plumas que participan son de: Luis Ignacio Vel\u00e1squez Z\u00e1rate, Ismael Garc\u00eda Morales, Carlos Sorroza Polo, Isidoro Yescas Mart\u00ednez, Omar Gasga, Manuel Esparza Camargo, Mar\u00eda de los \u00c1ngeles Romero Frizzi, Susana Alexandre y Cipriano Flores.<\/p>\n\n\n\n<p>Tambi\u00e9n: Guadalupe Thomas, Rub\u00ed Bautista Cruz, Olga Rosario Avenda\u00f1o, Samael Hern\u00e1ndez Ruiz, Manuel Matus Manzo, Joel Vicente Cort\u00e9s, Bartolom\u00e9 Rodolfo Navarro Jim\u00e9nez, Claudio S\u00e1nchez Islas, adem\u00e1s del regalo navide\u00f1o de Araceli Mancilla.\u00a0<\/p>\n\n\n\n<p>En este enlace puede leer la edici\u00f3n digital:<\/p>\n\n\n\n<figure class=\"wp-block-embed\"><div class=\"wp-block-embed__wrapper\">\nhttps:\/\/indd.adobe.com\/view\/1a984d2d-a18f-4d46-8f9f-6b02a0768683\n<\/div><\/figure>\n","protected":false},"excerpt":{"rendered":"<p>Evlin Arag\u00f3n\/Zona Roja. Oaxaca de Ju\u00e1rez, Oax., 16 de diciembre de 2020.- Con un corte&hellip;<\/p>\n","protected":false},"author":2,"featured_media":21308,"comment_status":"closed","ping_status":"open","sticky":false,"template":"","format":"standard","meta":{"_lmt_disableupdate":"","_lmt_disable":"","_jetpack_memberships_contains_paid_content":false,"footnotes":""},"categories":[109,46],"tags":[1655],"class_list":["post-21307","post","type-post","status-publish","format-standard","has-post-thumbnail","hentry","category-minuto-a-minuto","category-zona-blanca","tag-cuadernos-de-la-pandemia"],"jetpack_featured_media_url":"https:\/\/zonaroja.com.mx\/wp-content\/uploads\/2020\/12\/Cuadernos-de-la-pandemia-17.jpg","jetpack_sharing_enabled":true,"_links":{"self":[{"href":"https:\/\/zonaroja.com.mx\/index.php?rest_route=\/wp\/v2\/posts\/21307","targetHints":{"allow":["GET"]}}],"collection":[{"href":"https:\/\/zonaroja.com.mx\/index.php?rest_route=\/wp\/v2\/posts"}],"about":[{"href":"https:\/\/zonaroja.com.mx\/index.php?rest_route=\/wp\/v2\/types\/post"}],"author":[{"embeddable":true,"href":"https:\/\/zonaroja.com.mx\/index.php?rest_route=\/wp\/v2\/users\/2"}],"replies":[{"embeddable":true,"href":"https:\/\/zonaroja.com.mx\/index.php?rest_route=%2Fwp%2Fv2%2Fcomments&post=21307"}],"version-history":[{"count":1,"href":"https:\/\/zonaroja.com.mx\/index.php?rest_route=\/wp\/v2\/posts\/21307\/revisions"}],"predecessor-version":[{"id":21309,"href":"https:\/\/zonaroja.com.mx\/index.php?rest_route=\/wp\/v2\/posts\/21307\/revisions\/21309"}],"wp:featuredmedia":[{"embeddable":true,"href":"https:\/\/zonaroja.com.mx\/index.php?rest_route=\/wp\/v2\/media\/21308"}],"wp:attachment":[{"href":"https:\/\/zonaroja.com.mx\/index.php?rest_route=%2Fwp%2Fv2%2Fmedia&parent=21307"}],"wp:term":[{"taxonomy":"category","embeddable":true,"href":"https:\/\/zonaroja.com.mx\/index.php?rest_route=%2Fwp%2Fv2%2Fcategories&post=21307"},{"taxonomy":"post_tag","embeddable":true,"href":"https:\/\/zonaroja.com.mx\/index.php?rest_route=%2Fwp%2Fv2%2Ftags&post=21307"}],"curies":[{"name":"wp","href":"https:\/\/api.w.org\/{rel}","templated":true}]}}