{"id":2131,"date":"2019-07-09T15:23:45","date_gmt":"2019-07-09T20:23:45","guid":{"rendered":"http:\/\/www.zonaroja.com.mx\/?p=2131"},"modified":"2019-07-09T15:23:47","modified_gmt":"2019-07-09T20:23:47","slug":"buscan-fortalecer-y-empoderar-a-las-ninas-durante-las-vacaciones-de-verano","status":"publish","type":"post","link":"https:\/\/zonaroja.com.mx\/?p=2131","title":{"rendered":"Buscan fortalecer y empoderar a las ni\u00f1as durante las vacaciones de verano"},"content":{"rendered":"\n<p>Evlin Arag\u00f3n<\/p>\n\n\n\n<p>Oaxaca de\nJu\u00e1rez, Oax., 9 de julio de 2019.- Al menos dos convocatorias para fortalecer y\nempoderar a las ni\u00f1as durante las vacaciones de verano se han hecho p\u00fablicas en\nd\u00edas recientes en la entidad oaxaque\u00f1a, de la mano del Instituto Municipal de\nla Mujer de Oaxaca de Ju\u00e1rez, a trav\u00e9s de la Biblioteca Feminista, y la\nasociaci\u00f3n civil \u201cMano Vuelta\u201d.<\/p>\n\n\n\n<p>La primera\nde estas corresponde a un proyecto que busca fortalecer las habilidades\nf\u00edsicas, psicol\u00f3gicas y emocionales de quienes participen, por lo que incluye\nactividades como defensa personal, autocuidado, manejo de emociones y salud,\ninteligencia corporal o quinest\u00e9sica.<\/p>\n\n\n\n<p>La\nconvocatoria a este primer curso de verano dirigido a ni\u00f1as de ocho a 12 a\u00f1os de\nedad, con residencia en el municipio de Oaxaca de Ju\u00e1rez, ofrece adem\u00e1s club de\nlectura, periodismo para ni\u00f1as, aprendizaje de la lengua mixe y coeducaci\u00f3n\npara ni\u00f1as, as\u00ed como un primer acercamiento al rap con la intenci\u00f3n de ampliar\nsus conocimientos desde la perspectiva de g\u00e9nero y la interculturalidad.<\/p>\n\n\n\n<p>La\nprevenci\u00f3n del abuso sexual infantil tambi\u00e9n est\u00e1 contemplada dentro de las\nactividades del taller de verano, tema que estar\u00e1 a cargo de especialistas en\nla materia, as\u00ed como la elaboraci\u00f3n de huertos de traspatio para fomentar el\ncuidado del medio ambiente.<\/p>\n\n\n\n<p>El inicio\ndel taller de verano es el pr\u00f3ximo 15 de julio en las instalaciones de la\nBiblioteca Feminista, ubicada en la privada de Reforma 107, colonia Centro, en\nla capital oaxaque\u00f1a, mismo que no tendr\u00e1 costo.<\/p>\n\n\n\n<p>Por su parte\nla asociaci\u00f3n civil \u201cMano Vuelta\u201d promueve el Campamento Feminista para Ni\u00f1as,\nel cual se llevar\u00e1 a cabo este a\u00f1o en Asunci\u00f3n Ixtaltepec, con el apoyo del\nCentro Comunitario Una Mano para Oaxaca (UMPO).<\/p>\n\n\n\n<p>El objetivo\nde esta iniciativa autogestiva, que surgi\u00f3 en el 2017, es que ni\u00f1as y\nadolescentes, en esta ocasi\u00f3n de la regi\u00f3n del Istmo, puedan fortalecer sus\nhabilidades f\u00edsicas y socioemocionales, contando con talleres de autodefensa,\nfotograf\u00eda, gr\u00e1fica, cine y poes\u00eda todo desde la perspectiva feminista.<\/p>\n\n\n\n<p>El\ncampamento que se llevar\u00e1 a cabo los d\u00edas 27, 28 y 29 de julio, es dirigido a\nni\u00f1as de 11 a 15 a\u00f1os, con quienes se trabajaran los conceptos de\ncuerpo-territorio, identidad y autoimagen, con la intenci\u00f3n de promover un\ndesarrollo aut\u00f3nomo e integral de cada una de las participantes a trav\u00e9s de una\nmetodolog\u00eda participativa, vivencial y lenguajes creativos.<\/p>\n","protected":false},"excerpt":{"rendered":"<p>Evlin Arag\u00f3n Oaxaca de Ju\u00e1rez, Oax., 9 de julio de 2019.- Al menos dos convocatorias&hellip;<\/p>\n","protected":false},"author":2,"featured_media":2132,"comment_status":"closed","ping_status":"open","sticky":false,"template":"","format":"standard","meta":{"_lmt_disableupdate":"","_lmt_disable":"","_jetpack_memberships_contains_paid_content":false,"footnotes":""},"categories":[109,46],"tags":[],"class_list":["post-2131","post","type-post","status-publish","format-standard","has-post-thumbnail","hentry","category-minuto-a-minuto","category-zona-blanca"],"jetpack_featured_media_url":"https:\/\/zonaroja.com.mx\/wp-content\/uploads\/2019\/07\/ni\u00f1as-cursos-dos.jpeg","jetpack_sharing_enabled":true,"_links":{"self":[{"href":"https:\/\/zonaroja.com.mx\/index.php?rest_route=\/wp\/v2\/posts\/2131","targetHints":{"allow":["GET"]}}],"collection":[{"href":"https:\/\/zonaroja.com.mx\/index.php?rest_route=\/wp\/v2\/posts"}],"about":[{"href":"https:\/\/zonaroja.com.mx\/index.php?rest_route=\/wp\/v2\/types\/post"}],"author":[{"embeddable":true,"href":"https:\/\/zonaroja.com.mx\/index.php?rest_route=\/wp\/v2\/users\/2"}],"replies":[{"embeddable":true,"href":"https:\/\/zonaroja.com.mx\/index.php?rest_route=%2Fwp%2Fv2%2Fcomments&post=2131"}],"version-history":[{"count":1,"href":"https:\/\/zonaroja.com.mx\/index.php?rest_route=\/wp\/v2\/posts\/2131\/revisions"}],"predecessor-version":[{"id":2133,"href":"https:\/\/zonaroja.com.mx\/index.php?rest_route=\/wp\/v2\/posts\/2131\/revisions\/2133"}],"wp:featuredmedia":[{"embeddable":true,"href":"https:\/\/zonaroja.com.mx\/index.php?rest_route=\/wp\/v2\/media\/2132"}],"wp:attachment":[{"href":"https:\/\/zonaroja.com.mx\/index.php?rest_route=%2Fwp%2Fv2%2Fmedia&parent=2131"}],"wp:term":[{"taxonomy":"category","embeddable":true,"href":"https:\/\/zonaroja.com.mx\/index.php?rest_route=%2Fwp%2Fv2%2Fcategories&post=2131"},{"taxonomy":"post_tag","embeddable":true,"href":"https:\/\/zonaroja.com.mx\/index.php?rest_route=%2Fwp%2Fv2%2Ftags&post=2131"}],"curies":[{"name":"wp","href":"https:\/\/api.w.org\/{rel}","templated":true}]}}