{"id":21310,"date":"2020-12-16T08:11:35","date_gmt":"2020-12-16T14:11:35","guid":{"rendered":"http:\/\/www.zonaroja.com.mx\/?p=21310"},"modified":"2020-12-16T08:11:43","modified_gmt":"2020-12-16T14:11:43","slug":"en-la-capital-de-oaxaca-asaltan-hasta-a-menores-de-edad","status":"publish","type":"post","link":"https:\/\/zonaroja.com.mx\/?p=21310","title":{"rendered":"En la capital de Oaxaca, asaltan hasta a menores de edad"},"content":{"rendered":"\n<p>Redacci\u00f3n\/Zona Roja.<\/p>\n\n\n\n<p>Oaxaca de Ju\u00e1rez, Oax., 16 de diciembre de 2020.- David P., de 17 a\u00f1os de edad, caminaba minutos despu\u00e9s del mediod\u00eda de ayer en la calle de Las Casas casi esquina con Perif\u00e9rico de la ciudad de Oaxaca, cuando de repente fue interceptado por sujetos que lo amagaron con navajas y lo lesionaron.<\/p>\n\n\n\n<p>Luego de robarle sus pertenencias, huyeron, sin que elementos de la polic\u00eda municipal llegaran al lugar de los hechos.<\/p>\n\n\n\n<p>Y es que en la capital de Oaxaca y su zona conurbada se ha incrementado la ola de robos, como fue el caso del adolescente, a quien tras robarle su tel\u00e9fono celular, los sujetos se dieron a la fuga, mientras que David tuvo que acudir a una zapater\u00eda a pedir ayuda.<\/p>\n\n\n\n<p>Param\u00e9dicos del grupo voluntario Bravo Alpha acudieron al lugar, donde le brindaron los primeros auxilios.<\/p>\n\n\n\n<p>Pero tambi\u00e9n en San Jacinto Amilpas, dos sujetos que portaban armas de fuego ingresaron a un domicilio ubicado en la colonia Granjas y Huertos de Brenamiel, de donde se llevaron dinero, objetos de valor y una motocicleta que estaba en la vivienda.<\/p>\n\n\n\n<p>De acuerdo con la denuncia, los dos sujetos ingresaron a una tienda de abarrotes donde sometieron a las personas, a quienes amagaron, golpearon y los despojaron de dinero en efectivo, tel\u00e9fonos celulares y la motocicleta.<\/p>\n\n\n\n<p>Se trata de una unidad marca Italika, modelo RC200, de color negra y sin placas de circulaci\u00f3n. A pesar de pedir auxilio a la polic\u00eda, llegaron demasiado tarde y los maleantes lograron escapar.<\/p>\n","protected":false},"excerpt":{"rendered":"<p>Redacci\u00f3n\/Zona Roja. Oaxaca de Ju\u00e1rez, Oax., 16 de diciembre de 2020.- David P., de 17&hellip;<\/p>\n","protected":false},"author":2,"featured_media":21311,"comment_status":"closed","ping_status":"open","sticky":false,"template":"","format":"standard","meta":{"_lmt_disableupdate":"","_lmt_disable":"","_jetpack_memberships_contains_paid_content":false,"footnotes":""},"categories":[109,47],"tags":[148],"class_list":["post-21310","post","type-post","status-publish","format-standard","has-post-thumbnail","hentry","category-minuto-a-minuto","category-zona-gris","tag-oaxaca-de-juarez"],"jetpack_featured_media_url":"https:\/\/zonaroja.com.mx\/wp-content\/uploads\/2020\/12\/Asalto-ciudad-de-Oaxaca.png","jetpack_sharing_enabled":true,"_links":{"self":[{"href":"https:\/\/zonaroja.com.mx\/index.php?rest_route=\/wp\/v2\/posts\/21310","targetHints":{"allow":["GET"]}}],"collection":[{"href":"https:\/\/zonaroja.com.mx\/index.php?rest_route=\/wp\/v2\/posts"}],"about":[{"href":"https:\/\/zonaroja.com.mx\/index.php?rest_route=\/wp\/v2\/types\/post"}],"author":[{"embeddable":true,"href":"https:\/\/zonaroja.com.mx\/index.php?rest_route=\/wp\/v2\/users\/2"}],"replies":[{"embeddable":true,"href":"https:\/\/zonaroja.com.mx\/index.php?rest_route=%2Fwp%2Fv2%2Fcomments&post=21310"}],"version-history":[{"count":1,"href":"https:\/\/zonaroja.com.mx\/index.php?rest_route=\/wp\/v2\/posts\/21310\/revisions"}],"predecessor-version":[{"id":21312,"href":"https:\/\/zonaroja.com.mx\/index.php?rest_route=\/wp\/v2\/posts\/21310\/revisions\/21312"}],"wp:featuredmedia":[{"embeddable":true,"href":"https:\/\/zonaroja.com.mx\/index.php?rest_route=\/wp\/v2\/media\/21311"}],"wp:attachment":[{"href":"https:\/\/zonaroja.com.mx\/index.php?rest_route=%2Fwp%2Fv2%2Fmedia&parent=21310"}],"wp:term":[{"taxonomy":"category","embeddable":true,"href":"https:\/\/zonaroja.com.mx\/index.php?rest_route=%2Fwp%2Fv2%2Fcategories&post=21310"},{"taxonomy":"post_tag","embeddable":true,"href":"https:\/\/zonaroja.com.mx\/index.php?rest_route=%2Fwp%2Fv2%2Ftags&post=21310"}],"curies":[{"name":"wp","href":"https:\/\/api.w.org\/{rel}","templated":true}]}}