{"id":21313,"date":"2020-12-16T09:53:44","date_gmt":"2020-12-16T15:53:44","guid":{"rendered":"http:\/\/www.zonaroja.com.mx\/?p=21313"},"modified":"2020-12-16T09:53:48","modified_gmt":"2020-12-16T15:53:48","slug":"incumple-unistmo-con-reinstalacion-de-docente-desoyen-instruccion-del-gobernador","status":"publish","type":"post","link":"https:\/\/zonaroja.com.mx\/?p=21313","title":{"rendered":"Incumple Unistmo con reinstalaci\u00f3n de docente; desoyen instrucci\u00f3n del gobernador"},"content":{"rendered":"\n<p>Evlin Arag\u00f3n\/Zona Roja.<\/p>\n\n\n\n<p>Oaxaca de Ju\u00e1rez, Oax., 16 de diciembre de 2020.- Aunque este martes se cumpli\u00f3 el plazo para la reinstalaci\u00f3n de Virginia Ilescas Vela como docente de la Universidad del Istmo (Unistmo), las autoridades acad\u00e9micas, encabezadas por Modesto Seara V\u00e1zquez, se niegan a acatar una orden que incluso, sali\u00f3 del propio gobernador del Estado, Alejandro Murat Hinojosa, quien se comprometi\u00f3 a atender el caso y poner fin a la violencia al interior del centro escolar.&nbsp;&nbsp;<\/p>\n\n\n\n<p>Fue el pasado 6 de diciembre que las autoridades de las secretar\u00edas General de Gobierno y de las Mujeres de Oaxaca, as\u00ed como de la subsecretaria de Derechos Humanos y la Coordinaci\u00f3n General de Educaci\u00f3n Media Superior, Ciencia y Tecnolog\u00eda del Gobierno del Estado, se reunieron con la docente y comprometieron con su reinstalaci\u00f3n y el pago de sus salarios ca\u00eddos.&nbsp;&nbsp;<\/p>\n\n\n\n<p>Despu\u00e9s de la reuni\u00f3n, el propio Murat Hinojosa habl\u00f3 v\u00eda telef\u00f3nica con Virginia Ilescas para ratificar las instrucciones de atender su caso y la violencia de que ha sido objeto al interior de la Universidad, campus Ciudad Ixtepec, al igual que las alumnas que han tenido que enfrentar a sus agresores que a\u00fan se desempe\u00f1an como docentes.&nbsp;&nbsp;<\/p>\n\n\n\n<p>Ni el pago ni la reinstalaci\u00f3n prometida y comprometida se llevaron a cabo este mi\u00e9rcoles, pues el rector del Sistema de Universidades Estatales de Oaxaca (Suneo), Modesto Seara, se niega a acatar las disposiciones del propio gobernador e integrantes del m\u00e1s alto nivel de su gabinete.&nbsp;<\/p>\n\n\n\n<p>As\u00ed lo inform\u00f3 la propia Virginia Ilescas, quien reclam\u00f3 que dos de los agresores denunciados por las estudiantes siguen entrando como si nada al plantel, incluso siguen frente a grupo vulnerando los derechos de las v\u00edctimas directas, mientras que el \u00fanico indiciado por las autoridades renunci\u00f3, por lo que temen se d\u00e9 a la fuga.<\/p>\n\n\n\n<p>\u201cEl mensaje por parte del rector es que las mujeres deben someterse a todo, incluso a ser violentadas sexualmente, violadas y por qu\u00e9 no, hasta asesinadas puesto que los agresores son los que ser\u00e1n protegidos por las autoridades escolares\u201d, dijo la docente.&nbsp;<\/p>\n\n\n\n<p>Por lo anterior, ya eval\u00faa recurrir a otras instancias, no s\u00f3lo por un asunto de supervivencia, sino para mantener el respaldo a las estudiantes que se atrevieron a denunciar a sus agresores y s\u00f3lo han recibido burlas y ofensas al interior de la instituci\u00f3n.&nbsp;<\/p>\n\n\n\n<p>\u201cAqu\u00ed en el pueblo los he visto pase\u00e1ndose con los alumnos, ri\u00e9ndose de m\u00ed, a una de las denunciantes la ofendieron en la calla desde el carro de su agresor. Ahora esperan que me vaya y las abandone por la presi\u00f3n de mi salario y eso no va a suceder\u201d, sentenci\u00f3.&nbsp;&nbsp;<\/p>\n\n\n\n<p>Finalmente, pidi\u00f3 a las autoridades cumplir con los compromisos adquiridos y no tolerar la violencia contra las mujeres.&nbsp;<\/p>\n","protected":false},"excerpt":{"rendered":"<p>Evlin Arag\u00f3n\/Zona Roja. Oaxaca de Ju\u00e1rez, Oax., 16 de diciembre de 2020.- Aunque este martes&hellip;<\/p>\n","protected":false},"author":2,"featured_media":9869,"comment_status":"closed","ping_status":"open","sticky":false,"template":"","format":"standard","meta":{"_lmt_disableupdate":"","_lmt_disable":"","_jetpack_memberships_contains_paid_content":false,"footnotes":""},"categories":[109,47],"tags":[1509,2281],"class_list":["post-21313","post","type-post","status-publish","format-standard","has-post-thumbnail","hentry","category-minuto-a-minuto","category-zona-gris","tag-acoso-universidad-del-istmo-oaxaca","tag-virginia-ilescas-vela"],"jetpack_featured_media_url":"https:\/\/zonaroja.com.mx\/wp-content\/uploads\/2020\/03\/Unistmo-Ixtepec.jpg","jetpack_sharing_enabled":true,"_links":{"self":[{"href":"https:\/\/zonaroja.com.mx\/index.php?rest_route=\/wp\/v2\/posts\/21313","targetHints":{"allow":["GET"]}}],"collection":[{"href":"https:\/\/zonaroja.com.mx\/index.php?rest_route=\/wp\/v2\/posts"}],"about":[{"href":"https:\/\/zonaroja.com.mx\/index.php?rest_route=\/wp\/v2\/types\/post"}],"author":[{"embeddable":true,"href":"https:\/\/zonaroja.com.mx\/index.php?rest_route=\/wp\/v2\/users\/2"}],"replies":[{"embeddable":true,"href":"https:\/\/zonaroja.com.mx\/index.php?rest_route=%2Fwp%2Fv2%2Fcomments&post=21313"}],"version-history":[{"count":1,"href":"https:\/\/zonaroja.com.mx\/index.php?rest_route=\/wp\/v2\/posts\/21313\/revisions"}],"predecessor-version":[{"id":21314,"href":"https:\/\/zonaroja.com.mx\/index.php?rest_route=\/wp\/v2\/posts\/21313\/revisions\/21314"}],"wp:featuredmedia":[{"embeddable":true,"href":"https:\/\/zonaroja.com.mx\/index.php?rest_route=\/wp\/v2\/media\/9869"}],"wp:attachment":[{"href":"https:\/\/zonaroja.com.mx\/index.php?rest_route=%2Fwp%2Fv2%2Fmedia&parent=21313"}],"wp:term":[{"taxonomy":"category","embeddable":true,"href":"https:\/\/zonaroja.com.mx\/index.php?rest_route=%2Fwp%2Fv2%2Fcategories&post=21313"},{"taxonomy":"post_tag","embeddable":true,"href":"https:\/\/zonaroja.com.mx\/index.php?rest_route=%2Fwp%2Fv2%2Ftags&post=21313"}],"curies":[{"name":"wp","href":"https:\/\/api.w.org\/{rel}","templated":true}]}}