{"id":21321,"date":"2020-12-16T17:57:44","date_gmt":"2020-12-16T23:57:44","guid":{"rendered":"http:\/\/www.zonaroja.com.mx\/?p=21321"},"modified":"2020-12-16T18:24:51","modified_gmt":"2020-12-17T00:24:51","slug":"con-excusas-senalamientos-y-con-escueto-informe-se-presento-fiscal-en-congreso-yuridiana-sosa-zona-roja","status":"publish","type":"post","link":"https:\/\/zonaroja.com.mx\/?p=21321","title":{"rendered":"Con excusas, se\u00f1alamientos y con escueto informe, se present\u00f3 fiscal en Congreso"},"content":{"rendered":"\n<p>Yuridiana Sosa\/Zona Roja.<\/p>\n\n\n\n<p>Oaxaca de Ju\u00e1rez, Oax., 16 de diciembre de 2020.- El fiscal general de Oaxaca, Rub\u00e9n Vasconcelos M\u00e9ndez, compareci\u00f3 este mi\u00e9rcoles en el Congreso local, por el feminicidio de la fotoperiodista Mar\u00eda del Sol Cruz, en la que expuso con actitud desafiante un raqu\u00edtico informe, cuestionando el desempe\u00f1o de los diputados y la exigencia de justicia de las v\u00edctimas.<\/p>\n\n\n\n<p>\u201cLes pido (diputados), que no permitan que unos pocos afecten el trabajo de la Fiscal\u00eda, no permitan frenar o entorpecer el proceso de fortalecimiento de la instituci\u00f3n en la que trabajamos, no permitan que se contamine de intereses pol\u00edticos o criminales.<\/p>\n\n\n\n<p>\u201cLa justicia es un \u00e1rea que deber\u00eda estar exenta de la lucha pol\u00edtica, fuera de la pugna de partidos, un bien que todos lo deber\u00edan cuidar y no lastimar por intereses personales o de grupo\u201d, argument\u00f3 despu\u00e9s de justificar y adelantar que no ofrecer\u00eda mayor informaci\u00f3n en el caso de Sol.<\/p>\n\n\n\n<p>Antes de dar a conocer lo que entreg\u00f3 como una ficha documental del delito, Vasconcelos M\u00e9ndez no evit\u00f3 mencionar que asisti\u00f3 al llamado de la comparecencia \u201caunque sea una ficci\u00f3n\u201d, s\u00f3lo por respeto a la instituci\u00f3n del Congreso del Estado, as\u00ed como porque est\u00e1 seguro que realiza un trabajo honesto y responsable.<\/p>\n\n\n\n<p>\u201cAsisto porque puedo mirar a la cara a cualquier persona y de frente defender el trabajo que realiz\u00f3 junto con todos los que trabajamos en la Fiscal\u00eda General del Estado\u201d, sostuvo en su discurso, frente a Soledad Jarqu\u00edn \u00c9dgar, madre de la v\u00edctima.<\/p>\n\n\n\n<figure class=\"wp-block-embed-twitter wp-block-embed is-type-rich is-provider-twitter\"><div class=\"wp-block-embed__wrapper\">\n<div class=\"twitter-tweet\"><blockquote class=\"twitter-tweet\" data-lang=\"es\"><p lang=\"es\" dir=\"ltr\">Despu\u00e9s de dar una \u201clecci\u00f3n\u201d de leyes para no informar sobre el caso de la fotoperiodista Mar\u00eda del Sol Cruz Jarqu\u00edn, la diputada <a href=\"https:\/\/twitter.com\/Elisa_ZepedaOax?ref_src=twsrc%5Etfw\">@Elisa_ZepedaOax<\/a> le pide al fiscal <a href=\"https:\/\/twitter.com\/RVasconcelosM?ref_src=twsrc%5Etfw\">@RVasconcelosM<\/a> centrarse en el tema por el cual fue llamado a comparecer ante el <a href=\"https:\/\/twitter.com\/CongresoOaxLXIV?ref_src=twsrc%5Etfw\">@CongresoOaxLXIV<\/a>. <a href=\"https:\/\/t.co\/shK8xqI2zc\">pic.twitter.com\/shK8xqI2zc<\/a><\/p>&mdash; Zona Roja Oaxaca (@MexRoja) <a href=\"https:\/\/twitter.com\/MexRoja\/status\/1339264282664574976?ref_src=twsrc%5Etfw\">16 de diciembre de 2020<\/a><\/blockquote><\/div>\n<\/div><\/figure>\n\n\n\n<p>Vasconcelos M\u00e9ndez, justific\u00f3 desde el inicio de su exposici\u00f3n que es la propia Constituci\u00f3n de la Rep\u00fablica, conforme a las reglas de investigaci\u00f3n de delitos, la que no le permiten ofrecer informaci\u00f3n sobre una investigaci\u00f3n en proceso, pues debe respetar el principio de reserva de las actuaciones&nbsp; para proteger la integridad de las v\u00edctimas, testigos, de agentes de investigaciones, operadores jur\u00eddicos y porque se perjudica el presunci\u00f3n de inocencia, as\u00ed como el principio de protecci\u00f3n de datos personales.<\/p>\n\n\n\n<p>Por lo que lejos de ofrecer un panorama sobre las investigaciones del feminicidio de Mar\u00eda del Sol Cruz Jarqu\u00edn, el fiscal propuso una serie de hechos a los integrantes de la Comisi\u00f3n Permanente de Administraci\u00f3n y Procuraci\u00f3n de Justicia Congreso de Oaxaca para aprender sobre el tema de la justicia y c\u00f3mo trabaja una \u201cnueva fiscal\u00eda\u201d, que presumi\u00f3.<\/p>\n\n\n\n<p>As\u00ed como les propuso crear un aut\u00e9ntico sistema de protecci\u00f3n a las v\u00edctimas y testigos sin riesgos de que contribuyan a ofrecer informaci\u00f3n que poseen\u201d.<\/p>\n\n\n\n<p>Incluso, ante los cuestionamientos para no clasificar el delito de la fotoperiodista como feminicidio, los invit\u00f3 a una asesor\u00eda jur\u00eddica para que conozcan los motivos por lo que no se puede hacer esa tipificaci\u00f3n, una de ellas, que, al momento de los hechos, las causas por las que muri\u00f3 Sol a\u00fan no est\u00e1n como causales del delito de feminicidio, lo cual ocurri\u00f3 cinco meses despu\u00e9s.<\/p>\n\n\n\n<p>Rub\u00e9n Vasconcelos dijo que no pod\u00eda hablar de las l\u00edneas de investigaci\u00f3n, \u201cpero se considera todo el contexto del crimen perpetrado contra esas personas\u201d, es decir, tambi\u00e9n de Pamela Ter\u00e1n y Adelfo Guerra, tambi\u00e9n asesinados el 2 de junio de 2018 en Juchit\u00e1n de Zaragoza.<\/p>\n\n\n\n<figure class=\"wp-block-embed-twitter wp-block-embed is-type-rich is-provider-twitter\"><div class=\"wp-block-embed__wrapper\">\n<div class=\"twitter-tweet\"><blockquote class=\"twitter-tweet\" data-lang=\"es\"><p lang=\"es\" dir=\"ltr\">\u201c\u00a1Fuera el fiscal!, los gritos de despedida a <a href=\"https:\/\/twitter.com\/RVasconcelosM?ref_src=twsrc%5Etfw\">@RVasconcelosM<\/a>,tras  negarse a dar detalles al <a href=\"https:\/\/twitter.com\/CongresoOaxLXIV?ref_src=twsrc%5Etfw\">@CongresoOaxLXIV<\/a> sobre el caso Mar\u00eda del Sol Cruz Jarqu\u00edn, y responder con evasivas algunos cuestionamientos. As\u00ed termin\u00f3 la comparecencia, en que una legisladora rechaz\u00f3 tomar la palabra <a href=\"https:\/\/t.co\/w00nPL3LY1\">pic.twitter.com\/w00nPL3LY1<\/a><\/p>&mdash; Zona Roja Oaxaca (@MexRoja) <a href=\"https:\/\/twitter.com\/MexRoja\/status\/1339292980797173760?ref_src=twsrc%5Etfw\">16 de diciembre de 2020<\/a><\/blockquote><\/div>\n<\/div><\/figure>\n\n\n\n<p>PERSISTEN DUDAS Y DESINFORMACI\u00d3N<\/p>\n\n\n\n<p>Sobre la frivolidad en su intervenci\u00f3n respecto al hecho, la diputada Magaly L\u00f3pez Dom\u00ednguez, demand\u00f3 al fiscal mostrar su calidad humana, sensibilidad con el dolor de la madre v\u00edctima del feminicidio y su compromiso con el trabajo para ejercer justicia.<\/p>\n\n\n\n<p>Cuestion\u00f3 sobre las investigaciones iniciadas contra integrantes de este \u00f3rgano aut\u00f3nomo, por deficiencias, omisiones&nbsp; y pifias cometidas en la investigaci\u00f3n por parte de la instituci\u00f3n, como lo se\u00f1ala una resoluci\u00f3n del Poder Judicial del Estado de Oaxaca; pero el titular de la Fiscal\u00eda no respondi\u00f3.<\/p>\n\n\n\n<p>Tambi\u00e9n, reiter\u00f3 la exigencia hacia el \u00f3rgano de procuraci\u00f3n de la justicia en Oaxaca, para que haga su trabajo y cumpla la ley, porque de lo contrario se vulnera el estado de derecho, con consecuencias catastr\u00f3ficas, dando la anuencia para que los delitos se repitan. \u201cEs necesario la sensibilidad y atender las s\u00faplicas de justicia emitidas por las v\u00edctimas de los delitos\u201d, finaliz\u00f3.<\/p>\n\n\n\n<p>Al intervenir la presidenta de la Comisi\u00f3n, Elisa Zepeda Lagunas, cuestion\u00f3 los procedimientos y l\u00edneas de investigaci\u00f3n desarrolladas por la FGEO, de acuerdo a resolutivos internacionales y nacionales.<\/p>\n\n\n\n<p>En su derecho de r\u00e9plica, la congresista record\u00f3 que el principio pro-persona se encuentra en la Constituci\u00f3n desde el a\u00f1o 2011, mientras que el tipo penal de feminicidio, desde el a\u00f1o 2012, por lo que asegur\u00f3, la actuaci\u00f3n en torno al caso de Mar\u00eda del Sol, tuvo que haberse considerado bajo este marco legal, como feminicidio.<\/p>\n\n\n\n<figure class=\"wp-block-embed-twitter wp-block-embed is-type-rich is-provider-twitter\"><div class=\"wp-block-embed__wrapper\">\n<div class=\"twitter-tweet\"><blockquote class=\"twitter-tweet\" data-lang=\"es\"><p lang=\"es\" dir=\"ltr\">Y as\u00ed huy\u00f3 el fiscal <a href=\"https:\/\/twitter.com\/RVasconcelosM?ref_src=twsrc%5Etfw\">@RVasconcelosM<\/a> a los cuestionamientos de la prensa, tras negarse a informar al <a href=\"https:\/\/twitter.com\/CongresoOaxLXIV?ref_src=twsrc%5Etfw\">@CongresoOaxLXIV<\/a> sobre el caso Mar\u00eda del Sol. <br>Solo las diputadas <a href=\"https:\/\/twitter.com\/Elisa_ZepedaOax?ref_src=twsrc%5Etfw\">@Elisa_ZepedaOax<\/a> y <a href=\"https:\/\/twitter.com\/Magaly_LopezOax?ref_src=twsrc%5Etfw\">@Magaly_LopezOax<\/a> cuestionaron su labor. <a href=\"https:\/\/t.co\/vjUFmKQBMh\">pic.twitter.com\/vjUFmKQBMh<\/a><\/p>&mdash; Zona Roja Oaxaca (@MexRoja) <a href=\"https:\/\/twitter.com\/MexRoja\/status\/1339295033917366272?ref_src=twsrc%5Etfw\">16 de diciembre de 2020<\/a><\/blockquote><\/div>\n<\/div><\/figure>\n","protected":false},"excerpt":{"rendered":"<p>Yuridiana Sosa\/Zona Roja. Oaxaca de Ju\u00e1rez, Oax., 16 de diciembre de 2020.- El fiscal general&hellip;<\/p>\n","protected":false},"author":2,"featured_media":21322,"comment_status":"closed","ping_status":"open","sticky":false,"template":"","format":"standard","meta":{"_lmt_disableupdate":"","_lmt_disable":"","_jetpack_memberships_contains_paid_content":false,"footnotes":""},"categories":[109,47],"tags":[213,170],"class_list":["post-21321","post","type-post","status-publish","format-standard","has-post-thumbnail","hentry","category-minuto-a-minuto","category-zona-gris","tag-64-legislatura-de-oaxaca","tag-ruben-vasconcelos-mendez"],"jetpack_featured_media_url":"https:\/\/zonaroja.com.mx\/wp-content\/uploads\/2020\/12\/Comparecencia-fiscal.jpg","jetpack_sharing_enabled":true,"_links":{"self":[{"href":"https:\/\/zonaroja.com.mx\/index.php?rest_route=\/wp\/v2\/posts\/21321","targetHints":{"allow":["GET"]}}],"collection":[{"href":"https:\/\/zonaroja.com.mx\/index.php?rest_route=\/wp\/v2\/posts"}],"about":[{"href":"https:\/\/zonaroja.com.mx\/index.php?rest_route=\/wp\/v2\/types\/post"}],"author":[{"embeddable":true,"href":"https:\/\/zonaroja.com.mx\/index.php?rest_route=\/wp\/v2\/users\/2"}],"replies":[{"embeddable":true,"href":"https:\/\/zonaroja.com.mx\/index.php?rest_route=%2Fwp%2Fv2%2Fcomments&post=21321"}],"version-history":[{"count":2,"href":"https:\/\/zonaroja.com.mx\/index.php?rest_route=\/wp\/v2\/posts\/21321\/revisions"}],"predecessor-version":[{"id":21325,"href":"https:\/\/zonaroja.com.mx\/index.php?rest_route=\/wp\/v2\/posts\/21321\/revisions\/21325"}],"wp:featuredmedia":[{"embeddable":true,"href":"https:\/\/zonaroja.com.mx\/index.php?rest_route=\/wp\/v2\/media\/21322"}],"wp:attachment":[{"href":"https:\/\/zonaroja.com.mx\/index.php?rest_route=%2Fwp%2Fv2%2Fmedia&parent=21321"}],"wp:term":[{"taxonomy":"category","embeddable":true,"href":"https:\/\/zonaroja.com.mx\/index.php?rest_route=%2Fwp%2Fv2%2Fcategories&post=21321"},{"taxonomy":"post_tag","embeddable":true,"href":"https:\/\/zonaroja.com.mx\/index.php?rest_route=%2Fwp%2Fv2%2Ftags&post=21321"}],"curies":[{"name":"wp","href":"https:\/\/api.w.org\/{rel}","templated":true}]}}