{"id":21326,"date":"2020-12-16T18:55:01","date_gmt":"2020-12-17T00:55:01","guid":{"rendered":"http:\/\/www.zonaroja.com.mx\/?p=21326"},"modified":"2020-12-16T18:55:06","modified_gmt":"2020-12-17T00:55:06","slug":"desaparecen-cinco-menores-de-edad-integrantes-de-una-misma-familia","status":"publish","type":"post","link":"https:\/\/zonaroja.com.mx\/?p=21326","title":{"rendered":"Desaparecen cinco menores de edad, integrantes de una misma familia"},"content":{"rendered":"\n<p>Evlin Arag\u00f3n\/Zona Roja.<\/p>\n\n\n\n<p>Oaxaca de Ju\u00e1rez, Oax., 16 de diciembre de 2020.- Jocelyn Jazm\u00edn, Yadira Janet, Juventino, Jes\u00fas Enrique y Ca\u00edn Abel, integrantes de una misma familia, han sido reportados como desaparecidos al ser vistos por \u00faltima vez el 10 de diciembre en la colonia Los Pinos, perteneciente al municipio de San Jacinto Amilpas.&nbsp;<\/p>\n\n\n\n<p>As\u00ed lo corroboran las fichas de b\u00fasqueda emitidas por la Fiscal\u00eda General del Estado de Oaxaca, que refieren que las hermanas Ruiz Contreras tienen 18 y 17 a\u00f1os de edad; mientras que los hermanos 15, 12 y 10 a\u00f1os de edad.&nbsp;<\/p>\n\n\n\n<p>De acuerdo con las declaraciones de los vecinos, una mujer religiosa de tez blanca, robusta y de aproximadamente 1.70 de altura, que viv\u00eda por la zona y llegaba para estar con ellos, podr\u00eda estar vinculada con la desaparici\u00f3n.<\/p>\n\n\n\n<p>Pese a lo anterior las autoridades no han emitido declaraciones al respecto, y s\u00f3lo se tiene acceso a la poca informaci\u00f3n que ha trascendido con respecto a la b\u00fasqueda de las y los menores.&nbsp;<\/p>\n\n\n\n<p>Jocelyn Jazm\u00edn, la mayor de la familia, tiene 18 a\u00f1os. Es delgada, chaparrita de 1.40 metros, de tez morena, cara redonda, ojos peque\u00f1os y con el cabello negro, a la altura del hombro. As\u00ed lo pone de manifiesto su ficha de b\u00fasqueda.&nbsp;<\/p>\n\n\n\n<p>Por su parte, Yadira Janet cuenta con 17 a\u00f1os de edad. Es m\u00e1s alta que su hermana mayor y tiene el cabello largo. Adem\u00e1s de ojos medianos, cejas semipobladas, cara redonda y nariz grande.&nbsp;<\/p>\n\n\n\n<p>Juventino por su parte, es el mayor de los varones, tiene 15 a\u00f1os y de acuerdo con la descripci\u00f3n y fotograf\u00eda de la ficha de b\u00fasqueda es delgado, mide 1.60 metros, es moreno, de ojos medianos, nariz grande y cabello lacio, negro y corto.&nbsp;<\/p>\n\n\n\n<p>Mientras que los m\u00e1s peque\u00f1os de la familia Jes\u00fas Enrique y Ca\u00edn Abel, de 12 y 10 a\u00f1os de edad, comparten caracter\u00edsticas f\u00edsicas al tener una estatura de 1.30 metros, ser delgados, de tez morena y cara redonda.<\/p>\n\n\n\n<p>La instancia de procuraci\u00f3n de justicia pone a disposici\u00f3n los n\u00fameros telef\u00f3nicos 800 00 77 628 o 951 164 6434 para proporcionar cualquier dato que ayude a dar con el paradero de las dos jovencitas y los tres ni\u00f1os que desaparecieron desde el pasado jueves 10 diciembre en inmediaciones de San Jacinto Amilpas.<\/p>\n","protected":false},"excerpt":{"rendered":"<p>Evlin Arag\u00f3n\/Zona Roja. Oaxaca de Ju\u00e1rez, Oax., 16 de diciembre de 2020.- Jocelyn Jazm\u00edn, Yadira&hellip;<\/p>\n","protected":false},"author":2,"featured_media":21327,"comment_status":"closed","ping_status":"open","sticky":false,"template":"","format":"standard","meta":{"_lmt_disableupdate":"","_lmt_disable":"","_jetpack_memberships_contains_paid_content":false,"footnotes":""},"categories":[109,47],"tags":[642],"class_list":["post-21326","post","type-post","status-publish","format-standard","has-post-thumbnail","hentry","category-minuto-a-minuto","category-zona-gris","tag-personas-desaparecidas-oaxaca"],"jetpack_featured_media_url":"https:\/\/zonaroja.com.mx\/wp-content\/uploads\/2020\/12\/Familia-desaparecida-Oaxaca.jpg","jetpack_sharing_enabled":true,"_links":{"self":[{"href":"https:\/\/zonaroja.com.mx\/index.php?rest_route=\/wp\/v2\/posts\/21326","targetHints":{"allow":["GET"]}}],"collection":[{"href":"https:\/\/zonaroja.com.mx\/index.php?rest_route=\/wp\/v2\/posts"}],"about":[{"href":"https:\/\/zonaroja.com.mx\/index.php?rest_route=\/wp\/v2\/types\/post"}],"author":[{"embeddable":true,"href":"https:\/\/zonaroja.com.mx\/index.php?rest_route=\/wp\/v2\/users\/2"}],"replies":[{"embeddable":true,"href":"https:\/\/zonaroja.com.mx\/index.php?rest_route=%2Fwp%2Fv2%2Fcomments&post=21326"}],"version-history":[{"count":1,"href":"https:\/\/zonaroja.com.mx\/index.php?rest_route=\/wp\/v2\/posts\/21326\/revisions"}],"predecessor-version":[{"id":21328,"href":"https:\/\/zonaroja.com.mx\/index.php?rest_route=\/wp\/v2\/posts\/21326\/revisions\/21328"}],"wp:featuredmedia":[{"embeddable":true,"href":"https:\/\/zonaroja.com.mx\/index.php?rest_route=\/wp\/v2\/media\/21327"}],"wp:attachment":[{"href":"https:\/\/zonaroja.com.mx\/index.php?rest_route=%2Fwp%2Fv2%2Fmedia&parent=21326"}],"wp:term":[{"taxonomy":"category","embeddable":true,"href":"https:\/\/zonaroja.com.mx\/index.php?rest_route=%2Fwp%2Fv2%2Fcategories&post=21326"},{"taxonomy":"post_tag","embeddable":true,"href":"https:\/\/zonaroja.com.mx\/index.php?rest_route=%2Fwp%2Fv2%2Ftags&post=21326"}],"curies":[{"name":"wp","href":"https:\/\/api.w.org\/{rel}","templated":true}]}}