{"id":21329,"date":"2020-12-16T20:28:09","date_gmt":"2020-12-17T02:28:09","guid":{"rendered":"http:\/\/www.zonaroja.com.mx\/?p=21329"},"modified":"2020-12-16T20:28:16","modified_gmt":"2020-12-17T02:28:16","slug":"ha-faltado-a-su-palabra-como-hombre-ha-faltado-a-su-palabra-como-servidor","status":"publish","type":"post","link":"https:\/\/zonaroja.com.mx\/?p=21329","title":{"rendered":"&nbsp;\u201cHa faltado a su palabra como hombre, ha faltado a su palabra como servidor\u201d"},"content":{"rendered":"\n<p>Yuridiana Sosa\/Zona Roja.<\/p>\n\n\n\n<p>Oaxaca de Ju\u00e1rez, Oax., 16 de diciembre de 2020.- \u201cComo madre de Sol, no tengo resultados, ha faltado a su palabra como hombre, ha faltado a su palabra como servidor\u201d.<\/p>\n\n\n\n<p>Ese y muchos reclamos m\u00e1s recibi\u00f3 el fiscal General del Estado, Rub\u00e9n Vasconcelos M\u00e9ndez de Soledad Jarqu\u00edn \u00c9dgar, al comparecer este mi\u00e9rcoles ante la Comisi\u00f3n de Administraci\u00f3n y Procuraci\u00f3n de Justicia.<\/p>\n\n\n\n<p>Momentos antes, al inicio de la sesi\u00f3n, hab\u00eda jurado decir la verdad, ante la Soberan\u00eda popular. Pero, a decir de la madre de la v\u00edctima y de las legisladoras, no cumpli\u00f3.<\/p>\n\n\n\n<p>Una vez m\u00e1s, pero en un nuevo escenario y a m\u00e1s de 30 meses del feminicidio de su hija Mar\u00eda del Sol Cruz Jarqu\u00edn, Soledad Jarqu\u00edn encar\u00f3 este mi\u00e9rcoles al fiscal en comparecencia ante la 64 Legislatura, donde reafirm\u00f3 la falta de congruencia, de trabajo, de sensibilidad y veracidad para encontrar justicia.<\/p>\n\n\n\n<p>\u201cHoy yo no deber\u00eda estar aqu\u00ed, ustedes no deber\u00edan estar atendiendo este hecho, pero la falta de justicia de un artero crimen, con protagonistas concretos, en un proceso lleno de simulaci\u00f3n y falta de justicia para las v\u00edctimas, nos tienen aqu\u00ed\u201d, asever\u00f3 la madre, dolida ante la impunidad.<\/p>\n\n\n\n<p>Durante su participaci\u00f3n, acredita por el Congreso de Oaxaca, Soledad Jarqu\u00edn expuso el doloroso y obstaculizado camino que ha recorrido para acceder a la justicia, sin tener datos sobre el proceso de las investigaciones.<\/p>\n\n\n\n<p>Soledad, tambi\u00e9n periodista de Oaxaca, se\u00f1al\u00f3 que no est\u00e1 dispuesta a permitir la impunidad en el feminicidio de su hija ocurrido el 2 de junio de 2018 en Juchit\u00e1n de Zaragoza, en el Istmo.<\/p>\n\n\n\n<p>Pero en esta ocasi\u00f3n, como familia v\u00edctima, respondi\u00f3 al fiscal de Oaxaca que su presencia y exigencia de justicia no eran parte de ning\u00fan inter\u00e9s pol\u00edtico, ni mucho menos criminal, como minutos antes expuso Vasconcelos M\u00e9ndez.<\/p>\n\n\n\n<p>\u201cComo madre de Mar\u00eda del Sol, repito, nada me devolver\u00e1 a mi hija. A m\u00ed me sostiene su fuerza, su capacidad de indignaci\u00f3n ante lo que hoy vive, aunque ella ya no est\u00e9 en este plano, la falta de justicia\u201d, asever\u00f3 Soledad con un llanto insostenible.<\/p>\n\n\n\n<figure class=\"wp-block-embed-twitter wp-block-embed is-type-rich is-provider-twitter\"><div class=\"wp-block-embed__wrapper\">\n<div class=\"twitter-tweet\"><blockquote class=\"twitter-tweet\" data-lang=\"es\"><p lang=\"es\" dir=\"ltr\">\u201cNo estoy aqu\u00ed por ning\u00fan inter\u00e9s pol\u00edtico ni mucho menos criminal\u201d, revir\u00f3 <a href=\"https:\/\/twitter.com\/jarquinedgar?ref_src=twsrc%5Etfw\">@jarquinedgar<\/a> ante la acusaci\u00f3n y argumento del fiscal <a href=\"https:\/\/twitter.com\/RVasconcelosM?ref_src=twsrc%5Etfw\">@RVasconcelosM<\/a> para no informar al Congreso de Oaxaca sobre el caso Mar\u00eda del Sol Cruz Jarqu\u00edn. <a href=\"https:\/\/t.co\/Ib3fANMwOK\">pic.twitter.com\/Ib3fANMwOK<\/a><\/p>&mdash; Zona Roja Oaxaca (@MexRoja) <a href=\"https:\/\/twitter.com\/MexRoja\/status\/1339291329638051840?ref_src=twsrc%5Etfw\">16 de diciembre de 2020<\/a><\/blockquote><\/div>\n<\/div><\/figure>\n\n\n\n<p>MINTI\u00d3 Y ROMPI\u00d3 SECREC\u00cdA<\/p>\n\n\n\n<p>Pero en este proceso de b\u00fasqueda de justicia, Soledad le ha perdido toda confianza al Fiscal. La madre record\u00f3 que, primero, el d\u00eda de los hechos, Rub\u00e9n Vasconcelos le prometi\u00f3, casi asegur\u00f3, la detenci\u00f3n de los asesinos. Pero no deb\u00eda incinerar a su hija, su cuerpo era evidencia.<\/p>\n\n\n\n<p>M\u00e1s de dos a\u00f1os han pasado y de los dos presuntos responsables detenidos, solo uno sigue un tropezado proceso penal que no avanza, mientras que el segundo, qued\u00f3 en libertad por deficiencias en la investigaci\u00f3n ministeriales de la FGEO y que no ha remediado.<\/p>\n\n\n\n<p>Despu\u00e9s, la filtraci\u00f3n de informaci\u00f3n confidencial de planteamientos privados que como madre ha realizado al Fiscal, as\u00ed como que hasta ahora, le han negado el derecho a tener conocimiento de las actuaciones que ha realizado que ha realizado de algunas actuaciones.<\/p>\n\n\n\n<p>Adem\u00e1s, de las inconsistencias en para el desarrollo de las audiencias, pero el proceso tambi\u00e9n est\u00e1 estacado con relaci\u00f3n al contexto de delito pol\u00edtico electoral, donde estuvo involucrado el regidor de Juchit\u00e1n, Hageo Montero L\u00f3pez, contra quien no existen sanciones.<\/p>\n\n\n\n<p>\u201cComo ustedes ver\u00e1n, nada o casi nada se ha avanzado, lo que s\u00ed existe y lo veo yo, son obst\u00e1culos que impiden un lugar de llegada, como ver\u00e1n, es como si se escribiera una p\u00e1gina cada d\u00eda en ese expediente sin nada concreto\u201d, sentenci\u00f3 la madre.<\/p>\n\n\n\n<p>Minutos despu\u00e9s, en conferencia, Jarqu\u00edn Edgar conden\u00f3 que Rub\u00e9n Vasconcelos solo haya asistido a la comparecencia a ofrecer clases de lo que no aplica, a justificar las fallas que no reconoce, entre ellas, la no tipificaci\u00f3n del delito de feminicidio.<\/p>\n\n\n\n<p>Ante este escenario, Soledad y representantes de organizaciones defensoras de las mujeres advirtieron que continuar\u00e1n su lucha por la justicia, en este como en otros casos, a\u00fan a pesar del temor que sienten por su integridad.<\/p>\n\n\n\n<figure class=\"wp-block-embed-twitter wp-block-embed is-type-rich is-provider-twitter\"><div class=\"wp-block-embed__wrapper\">\n<div class=\"twitter-tweet\"><blockquote class=\"twitter-tweet\" data-lang=\"es\"><p lang=\"es\" dir=\"ltr\">(2) Las legisladoras <a href=\"https:\/\/twitter.com\/Elisa_ZepedaOax?ref_src=twsrc%5Etfw\">@Elisa_ZepedaOax<\/a> y <a href=\"https:\/\/twitter.com\/Magaly_LopezOax?ref_src=twsrc%5Etfw\">@Magaly_LopezOax<\/a>, coincidieron en que de manera reiterada han pedido la remoci\u00f3n del fiscal <a href=\"https:\/\/twitter.com\/RVasconcelosM?ref_src=twsrc%5Etfw\">@RVasconcelosM<\/a> ante los nulos resultados; confirman en que insistir\u00e1n en la petici\u00f3n ante el pleno. <a href=\"https:\/\/t.co\/C4FsnLWriR\">pic.twitter.com\/C4FsnLWriR<\/a><\/p>&mdash; Zona Roja Oaxaca (@MexRoja) <a href=\"https:\/\/twitter.com\/MexRoja\/status\/1339383032059482112?ref_src=twsrc%5Etfw\">17 de diciembre de 2020<\/a><\/blockquote><\/div>\n<\/div><\/figure>\n","protected":false},"excerpt":{"rendered":"<p>Yuridiana Sosa\/Zona Roja. Oaxaca de Ju\u00e1rez, Oax., 16 de diciembre de 2020.- \u201cComo madre de&hellip;<\/p>\n","protected":false},"author":2,"featured_media":21330,"comment_status":"closed","ping_status":"open","sticky":false,"template":"","format":"standard","meta":{"_lmt_disableupdate":"","_lmt_disable":"","_jetpack_memberships_contains_paid_content":false,"footnotes":""},"categories":[109,47],"tags":[1059,170],"class_list":["post-21329","post","type-post","status-publish","format-standard","has-post-thumbnail","hentry","category-minuto-a-minuto","category-zona-gris","tag-maria-del-sol-cruz-jarquin","tag-ruben-vasconcelos-mendez"],"jetpack_featured_media_url":"https:\/\/zonaroja.com.mx\/wp-content\/uploads\/2020\/12\/Soledad-Jarquin.jpg","jetpack_sharing_enabled":true,"_links":{"self":[{"href":"https:\/\/zonaroja.com.mx\/index.php?rest_route=\/wp\/v2\/posts\/21329","targetHints":{"allow":["GET"]}}],"collection":[{"href":"https:\/\/zonaroja.com.mx\/index.php?rest_route=\/wp\/v2\/posts"}],"about":[{"href":"https:\/\/zonaroja.com.mx\/index.php?rest_route=\/wp\/v2\/types\/post"}],"author":[{"embeddable":true,"href":"https:\/\/zonaroja.com.mx\/index.php?rest_route=\/wp\/v2\/users\/2"}],"replies":[{"embeddable":true,"href":"https:\/\/zonaroja.com.mx\/index.php?rest_route=%2Fwp%2Fv2%2Fcomments&post=21329"}],"version-history":[{"count":1,"href":"https:\/\/zonaroja.com.mx\/index.php?rest_route=\/wp\/v2\/posts\/21329\/revisions"}],"predecessor-version":[{"id":21331,"href":"https:\/\/zonaroja.com.mx\/index.php?rest_route=\/wp\/v2\/posts\/21329\/revisions\/21331"}],"wp:featuredmedia":[{"embeddable":true,"href":"https:\/\/zonaroja.com.mx\/index.php?rest_route=\/wp\/v2\/media\/21330"}],"wp:attachment":[{"href":"https:\/\/zonaroja.com.mx\/index.php?rest_route=%2Fwp%2Fv2%2Fmedia&parent=21329"}],"wp:term":[{"taxonomy":"category","embeddable":true,"href":"https:\/\/zonaroja.com.mx\/index.php?rest_route=%2Fwp%2Fv2%2Fcategories&post=21329"},{"taxonomy":"post_tag","embeddable":true,"href":"https:\/\/zonaroja.com.mx\/index.php?rest_route=%2Fwp%2Fv2%2Ftags&post=21329"}],"curies":[{"name":"wp","href":"https:\/\/api.w.org\/{rel}","templated":true}]}}